{"id":76238,"date":"2017-06-28T21:55:36","date_gmt":"2017-06-29T00:55:36","guid":{"rendered":"http:\/\/diarioregionaljf.com.br\/2017\/06\/28\/settra-interdita-ruas-para-realizacao-da-festa-de-sao-pedro\/"},"modified":"2017-06-28T21:55:36","modified_gmt":"2017-06-29T00:55:36","slug":"settra-interdita-ruas-para-realizacao-da-festa-de-sao-pedro","status":"publish","type":"post","link":"https:\/\/diarioregionaldigital.com.br\/?p=76238","title":{"rendered":"Settra interdita ruas para realiza\u00e7\u00e3o da \u201cFesta de S\u00e3o Pedro\u201d"},"content":{"rendered":"<p>Em virtude da realiza\u00e7\u00e3o da prociss\u00e3o que celebrar\u00e1 a \u201c124\u00aa Festa de S\u00e3o Pedro\u201d, nesta quinta-feira, 29, a partir das 19h, a Secretaria de Transporte e Tr\u00e2nsito (Settra) da Prefeitura de Juiz de Fora (PJF) realizar\u00e1 interdi\u00e7\u00f5es nas vias que fazem parte do percurso.<\/p>\n<p>O trajeto, que se iniciar\u00e1 na igreja matriz de S\u00e3o Pedro, passar\u00e1 pelas ruas Jos\u00e9 Louren\u00e7o e Rafael Vargas, retornando \u00e0 Avenida Senhor dos Passos, at\u00e9 a igreja da par\u00f3quia.<\/p>\n<p>As vias ser\u00e3o liberadas totalmente, sempre ao final dos cortejos. Ser\u00e1 garantido o acesso dos moradores \u00e0s \u00e1reas interditadas, conforme avalia\u00e7\u00e3o da autoridade de tr\u00e2nsito.<\/p>\n<p>Fonte: Assessoria<\/p>\n","protected":false},"excerpt":{"rendered":"<p>Em virtude da realiza\u00e7\u00e3o da prociss\u00e3o que celebrar\u00e1 a \u201c124\u00aa Festa de S\u00e3o Pedro\u201d, nesta quinta-feira, 29, a partir das 19h, a Secretaria de Transporte e Tr\u00e2nsito (Settra) da Prefeitura de Juiz de Fora (PJF) realizar\u00e1 interdi\u00e7\u00f5es nas vias que fazem parte do percurso. O trajeto, que se iniciar\u00e1 na igreja matriz de S\u00e3o Pedro, [&hellip;]<\/p>\n","protected":false},"author":96,"featured_media":76237,"comment_status":"closed","ping_status":"closed","sticky":false,"template":"","format":"standard","meta":{"footnotes":""},"categories":[253],"tags":[],"class_list":["post-76238","post","type-post","status-publish","format-standard","has-post-thumbnail","hentry","category-cidade"],"_links":{"self":[{"href":"https:\/\/diarioregionaldigital.com.br\/index.php?rest_route=\/wp\/v2\/posts\/76238","targetHints":{"allow":["GET"]}}],"collection":[{"href":"https:\/\/diarioregionaldigital.com.br\/index.php?rest_route=\/wp\/v2\/posts"}],"about":[{"href":"https:\/\/diarioregionaldigital.com.br\/index.php?rest_route=\/wp\/v2\/types\/post"}],"author":[{"embeddable":true,"href":"https:\/\/diarioregionaldigital.com.br\/index.php?rest_route=\/wp\/v2\/users\/96"}],"replies":[{"embeddable":true,"href":"https:\/\/diarioregionaldigital.com.br\/index.php?rest_route=%2Fwp%2Fv2%2Fcomments&post=76238"}],"version-history":[{"count":0,"href":"https:\/\/diarioregionaldigital.com.br\/index.php?rest_route=\/wp\/v2\/posts\/76238\/revisions"}],"wp:featuredmedia":[{"embeddable":true,"href":"https:\/\/diarioregionaldigital.com.br\/index.php?rest_route=\/wp\/v2\/media\/76237"}],"wp:attachment":[{"href":"https:\/\/diarioregionaldigital.com.br\/index.php?rest_route=%2Fwp%2Fv2%2Fmedia&parent=76238"}],"wp:term":[{"taxonomy":"category","embeddable":true,"href":"https:\/\/diarioregionaldigital.com.br\/index.php?rest_route=%2Fwp%2Fv2%2Fcategories&post=76238"},{"taxonomy":"post_tag","embeddable":true,"href":"https:\/\/diarioregionaldigital.com.br\/index.php?rest_route=%2Fwp%2Fv2%2Ftags&post=76238"}],"curies":[{"name":"wp","href":"https:\/\/api.w.org\/{rel}","templated":true}]}}