{"id":76234,"date":"2017-06-28T21:39:30","date_gmt":"2017-06-29T00:39:30","guid":{"rendered":"http:\/\/diarioregionaljf.com.br\/2017\/06\/28\/dois-homens-sao-presos-por-crime-de-receptacao-em-cataguases\/"},"modified":"2017-06-28T21:39:30","modified_gmt":"2017-06-29T00:39:30","slug":"dois-homens-sao-presos-por-crime-de-receptacao-em-cataguases","status":"publish","type":"post","link":"https:\/\/diarioregionaldigital.com.br\/?p=76234","title":{"rendered":"Dois homens s\u00e3o presos por crime de recepta\u00e7\u00e3o em Cataguases"},"content":{"rendered":"<p>A Pol\u00edcia Civil de Minas Gerais cumpriu um mandado de busca e apreens\u00e3o na resid\u00eancia de um homem de 35 anos e do sogro dele, de 57 anos, em Cataguases. Os dois foram presos em flagrante por recepta\u00e7\u00e3o. A a\u00e7\u00e3o foi realizada nessa ter\u00e7a-feira, 27, e faz parte das investiga\u00e7\u00f5es referentes a um furto de R$120 mil, ocorrido no dia 7 de junho, na cidade.<\/p>\n<p>Na ocasi\u00e3o, os policiais civis prenderam tr\u00eas mulheres, suspeitas de cometer o crime. Elas teriam praticado tr\u00eas furtos, todos neste ano, subtraindo um montante de cerca de R$330 mil.<\/p>\n<p>De acordo com informa\u00e7\u00f5es do Delegado Regional de Leopoldina, Dr. Carlos Eduardo Santos Rodrigues, um dos investigados \u00e9 marido de uma dessas tr\u00eas autoras presas. Na resid\u00eancia do casal, a PCMG descobriu um compartimento secreto, que estava vazio, localizado abaixo do piso de cer\u00e2mica do quarto dos suspeitos. No local, havia um cofre que ele alegou ter jogado em um rio quando a esposa dele foi presa em flagrante. Tamb\u00e9m foram apreendidos diversos documentos, demonstrando que eles chegaram a quitar, no decorrer deste ano, d\u00edvidas contra\u00eddas de valores elevados.<\/p>\n<p>Em seguida, os policiais civis se deslocaram at\u00e9 o distrito de Aracati, na resid\u00eancia do outro investigado, e apreenderam R$10 mil, dinheiro ocultado debaixo da terra. A quantia tamb\u00e9m seria proveniente de um dos furtos praticado pela mulher. Toda a a\u00e7\u00e3o policial foi acompanhada por um advogado representante da Ordem dos Advogados do Brasil, se\u00e7\u00e3o Cataguases, tendo em vista que o procurador do casal tamb\u00e9m est\u00e1 sendo investigado por coautoria no delito de recepta\u00e7\u00e3o.<\/p>\n<p>O flagrante foi ratificado pelo delegado Diego Mattos de Vilhena, respons\u00e1vel pelas investiga\u00e7\u00f5es. Os suspeitos foram encaminhados ao Pres\u00eddio de Eugen\u00f3polis, onde responder\u00e3o pelo crime.<\/p>\n<p>Fonte: Assessoria<\/p>\n","protected":false},"excerpt":{"rendered":"<p>A Pol\u00edcia Civil de Minas Gerais cumpriu um mandado de busca e apreens\u00e3o na resid\u00eancia de um homem de 35 anos e do sogro dele, de 57 anos, em Cataguases. Os dois foram presos em flagrante por recepta\u00e7\u00e3o. A a\u00e7\u00e3o foi realizada nessa ter\u00e7a-feira, 27, e faz parte das investiga\u00e7\u00f5es referentes a um furto de [&hellip;]<\/p>\n","protected":false},"author":96,"featured_media":76233,"comment_status":"closed","ping_status":"closed","sticky":false,"template":"","format":"standard","meta":{"footnotes":""},"categories":[252],"tags":[],"class_list":["post-76234","post","type-post","status-publish","format-standard","has-post-thumbnail","hentry","category-regiao"],"_links":{"self":[{"href":"https:\/\/diarioregionaldigital.com.br\/index.php?rest_route=\/wp\/v2\/posts\/76234","targetHints":{"allow":["GET"]}}],"collection":[{"href":"https:\/\/diarioregionaldigital.com.br\/index.php?rest_route=\/wp\/v2\/posts"}],"about":[{"href":"https:\/\/diarioregionaldigital.com.br\/index.php?rest_route=\/wp\/v2\/types\/post"}],"author":[{"embeddable":true,"href":"https:\/\/diarioregionaldigital.com.br\/index.php?rest_route=\/wp\/v2\/users\/96"}],"replies":[{"embeddable":true,"href":"https:\/\/diarioregionaldigital.com.br\/index.php?rest_route=%2Fwp%2Fv2%2Fcomments&post=76234"}],"version-history":[{"count":0,"href":"https:\/\/diarioregionaldigital.com.br\/index.php?rest_route=\/wp\/v2\/posts\/76234\/revisions"}],"wp:featuredmedia":[{"embeddable":true,"href":"https:\/\/diarioregionaldigital.com.br\/index.php?rest_route=\/wp\/v2\/media\/76233"}],"wp:attachment":[{"href":"https:\/\/diarioregionaldigital.com.br\/index.php?rest_route=%2Fwp%2Fv2%2Fmedia&parent=76234"}],"wp:term":[{"taxonomy":"category","embeddable":true,"href":"https:\/\/diarioregionaldigital.com.br\/index.php?rest_route=%2Fwp%2Fv2%2Fcategories&post=76234"},{"taxonomy":"post_tag","embeddable":true,"href":"https:\/\/diarioregionaldigital.com.br\/index.php?rest_route=%2Fwp%2Fv2%2Ftags&post=76234"}],"curies":[{"name":"wp","href":"https:\/\/api.w.org\/{rel}","templated":true}]}}