{"id":76232,"date":"2017-06-28T21:37:16","date_gmt":"2017-06-29T00:37:16","guid":{"rendered":"http:\/\/diarioregionaljf.com.br\/2017\/06\/28\/adolescentes-sao-detidos-com-arma-e-drogas-dentro-de-escola-em-muriae\/"},"modified":"2017-06-28T21:37:16","modified_gmt":"2017-06-29T00:37:16","slug":"adolescentes-sao-detidos-com-arma-e-drogas-dentro-de-escola-em-muriae","status":"publish","type":"post","link":"https:\/\/diarioregionaldigital.com.br\/?p=76232","title":{"rendered":"Adolescentes s\u00e3o detidos com arma e drogas dentro de escola em Muria\u00e9"},"content":{"rendered":"<p>Dois estudantes, um de 16 anos e outro de 17, foram detidos no in\u00edcio da tarde dessa quarta-feira, 28, em uma escola no bairro Dornelas, em Muria\u00e9. Os adolescentes estavam com uma arma e drogas em suas mochilas. Ambos foram encaminhados para a Delegacia de Pol\u00edcia Civil para prestar esclarecimentos.<\/p>\n<p>A Pol\u00edcia Militar (PM) foi acionada pelo vice-diretor da escola que relatou ter recebido v\u00e1rias den\u00fancias de que um estudante estaria armado dentro do col\u00e9gio. De acordo com o registro policial, o educador chamou familiares do menor suspeito e, na presen\u00e7a deles, revistou a mochila do estudante. Foi encontrada uma garrucha calibre 32. Segundo o adolescente, outro aluno pediu para ele entrar com a arma na escola.<\/p>\n<p>O outro estudante foi localizado e, ao ser interrogado, disse que um homem, n\u00e3o identificado, lhe ofereceu a arma pelo valor de R$470. A abordagem teria acontecido na semana passada, na pra\u00e7a do bairro Santana. O menor se recusou a pagar a quantia, mas disse ter intermediado a negocia\u00e7\u00e3o para um amigo, que pagou R$450 pela arma.<\/p>\n<p>A mochila do segundo adolescente tamb\u00e9m foi revistada e dentro havia um papelote de coca\u00edna e tr\u00eas de maconha. Ainda segundo o registro da PM, o estudante disse que os entorpecentes eram para consumo pr\u00f3prio.<\/p>\n<p>A arma e as drogas foram apreendidas e levadas para a Delegacia, no bairro Safira, para onde os menores tamb\u00e9m foram levados e prestaram esclarecimentos ao delegado de Pol\u00edcia Civil.<\/p>\n<p>Colabora\u00e7\u00e3o: R\u00e1dio Muria\u00e9<\/p>\n","protected":false},"excerpt":{"rendered":"<p>Dois estudantes, um de 16 anos e outro de 17, foram detidos no in\u00edcio da tarde dessa quarta-feira, 28, em uma escola no bairro Dornelas, em Muria\u00e9. Os adolescentes estavam com uma arma e drogas em suas mochilas. Ambos foram encaminhados para a Delegacia de Pol\u00edcia Civil para prestar esclarecimentos. A Pol\u00edcia Militar (PM) foi [&hellip;]<\/p>\n","protected":false},"author":96,"featured_media":76231,"comment_status":"closed","ping_status":"closed","sticky":false,"template":"","format":"standard","meta":{"footnotes":""},"categories":[252],"tags":[],"class_list":["post-76232","post","type-post","status-publish","format-standard","has-post-thumbnail","hentry","category-regiao"],"_links":{"self":[{"href":"https:\/\/diarioregionaldigital.com.br\/index.php?rest_route=\/wp\/v2\/posts\/76232","targetHints":{"allow":["GET"]}}],"collection":[{"href":"https:\/\/diarioregionaldigital.com.br\/index.php?rest_route=\/wp\/v2\/posts"}],"about":[{"href":"https:\/\/diarioregionaldigital.com.br\/index.php?rest_route=\/wp\/v2\/types\/post"}],"author":[{"embeddable":true,"href":"https:\/\/diarioregionaldigital.com.br\/index.php?rest_route=\/wp\/v2\/users\/96"}],"replies":[{"embeddable":true,"href":"https:\/\/diarioregionaldigital.com.br\/index.php?rest_route=%2Fwp%2Fv2%2Fcomments&post=76232"}],"version-history":[{"count":0,"href":"https:\/\/diarioregionaldigital.com.br\/index.php?rest_route=\/wp\/v2\/posts\/76232\/revisions"}],"wp:featuredmedia":[{"embeddable":true,"href":"https:\/\/diarioregionaldigital.com.br\/index.php?rest_route=\/wp\/v2\/media\/76231"}],"wp:attachment":[{"href":"https:\/\/diarioregionaldigital.com.br\/index.php?rest_route=%2Fwp%2Fv2%2Fmedia&parent=76232"}],"wp:term":[{"taxonomy":"category","embeddable":true,"href":"https:\/\/diarioregionaldigital.com.br\/index.php?rest_route=%2Fwp%2Fv2%2Fcategories&post=76232"},{"taxonomy":"post_tag","embeddable":true,"href":"https:\/\/diarioregionaldigital.com.br\/index.php?rest_route=%2Fwp%2Fv2%2Ftags&post=76232"}],"curies":[{"name":"wp","href":"https:\/\/api.w.org\/{rel}","templated":true}]}}