{"id":76228,"date":"2017-06-28T21:32:11","date_gmt":"2017-06-29T00:32:11","guid":{"rendered":"http:\/\/diarioregionaljf.com.br\/2017\/06\/28\/exercito-abre-concurso-para-oficiais-e-capelaes\/"},"modified":"2017-06-28T21:32:11","modified_gmt":"2017-06-29T00:32:11","slug":"exercito-abre-concurso-para-oficiais-e-capelaes","status":"publish","type":"post","link":"https:\/\/diarioregionaldigital.com.br\/?p=76228","title":{"rendered":"Ex\u00e9rcito abre concurso para Oficiais e Capel\u00e3es"},"content":{"rendered":"<p>O Ex\u00e9rcito Brasileiro, por meio do Departamento de Ensino e Cultura, publicou no Di\u00e1rio Oficial da Uni\u00e3o de 28 de junho, os dois novos editais para realiza\u00e7\u00e3o de concurso p\u00fablico destinado ao provimento de 23 vagas para ingresso no Curso de Forma\u00e7\u00e3o de Oficiais do Quadro Complementar (CFO\/QC) e do Quadro de Capel\u00e3es (EIA\/CM) para ingresso em 2018.<\/p>\n<p>Para participar do Curso de Forma\u00e7\u00e3o de Oficiais do Quadro Complementar (CFO\/QC) o candidato deve possuir no m\u00e1ximo 36 anos e ter conclu\u00eddo o ensino superior na \u00e1rea objeto da vaga. O candidato deve ainda ter, no m\u00ednimo, 1,60m de altura, se do sexo masculino, e 1,55m de altura, se do sexo feminino. As vagas s\u00e3o para \u00e1reas de Administra\u00e7\u00e3o (3), Biblioteconomia (1), Ci\u00eancias Cont\u00e1beis (2), Direito (7), Enfermagem (2), Inform\u00e1tica (4) e Pedagogia (1).<\/p>\n<p>Para os concorrentes ao cargo de Capel\u00e3o, as vagas ser\u00e3o para Capel\u00e3o Cat\u00f3lico Apost\u00f3lico Romano (2) e Capel\u00e3o Evang\u00e9lico (1). Os concorrentes a este cargo devem ter idade entre 30 e 40 anos, curso de forma\u00e7\u00e3o teol\u00f3gica, de n\u00edvel superior, ter sido ordenado sacerdote cat\u00f3lico romano ou consagrado (a) como pastor (a) evang\u00e9lico (a), al\u00e9m de possuir pelo menos tr\u00eas anos de atividades pastorais, comprovadas por documento expedido pela autoridade eclesi\u00e1stica. Veja os editais para mais informa\u00e7\u00f5es dos cargos e cronograma da sele\u00e7\u00e3o.<\/p>\n<p>O ingresso no Curso ocorrer\u00e1 no posto de Primeiro-Tenente, que tem sal\u00e1rio atual de R$7.796, ap\u00f3s o candidato obter a aprova\u00e7\u00e3o em todas as fases da sele\u00e7\u00e3o inicial e ter sido aprovado em todas as fases do CFO.<\/p>\n<h4>INSCRI\u00c7\u00d5ES<\/h4>\n<p>As inscri\u00e7\u00f5es devem ser realizadas at\u00e9 o dia 4 de agosto de 2017, pelo endere\u00e7o eletr\u00f4nico www.esfcex.eb.mil.br. O valor da taxa de inscri\u00e7\u00e3o \u00e9 de R$ 120,00.<\/p>\n<h5>O concurso constar\u00e1 das seguintes etapas de avalia\u00e7\u00e3o:<\/h5>\n<p>&#8211; Exame Intelectual (EI);<br \/>&#8211; Inspe\u00e7\u00e3o de Sa\u00fade (IS);<br \/>&#8211; Exame de Aptid\u00e3o F\u00edsica (EAF).<\/p>\n<p>O exame intelectual ser\u00e1 realizado das 9h \u00e0s 13h do dia 17 de setembro, em locais a serem divulgados oportunamente pela Marinha. J\u00e1 os gabaritos preliminares ser\u00e3o informados a partir das 13 horas do dia 20 de setembro de 2017, pelo site www.esfcex.ensino.eb.br.<\/p>\n<p>Fonte: Assessoria<\/p>\n","protected":false},"excerpt":{"rendered":"<p>O Ex\u00e9rcito Brasileiro, por meio do Departamento de Ensino e Cultura, publicou no Di\u00e1rio Oficial da Uni\u00e3o de 28 de junho, os dois novos editais para realiza\u00e7\u00e3o de concurso p\u00fablico destinado ao provimento de 23 vagas para ingresso no Curso de Forma\u00e7\u00e3o de Oficiais do Quadro Complementar (CFO\/QC) e do Quadro de Capel\u00e3es (EIA\/CM) para [&hellip;]<\/p>\n","protected":false},"author":96,"featured_media":0,"comment_status":"closed","ping_status":"closed","sticky":false,"template":"","format":"standard","meta":{"footnotes":""},"categories":[280],"tags":[],"class_list":["post-76228","post","type-post","status-publish","format-standard","hentry","category-concurso"],"_links":{"self":[{"href":"https:\/\/diarioregionaldigital.com.br\/index.php?rest_route=\/wp\/v2\/posts\/76228","targetHints":{"allow":["GET"]}}],"collection":[{"href":"https:\/\/diarioregionaldigital.com.br\/index.php?rest_route=\/wp\/v2\/posts"}],"about":[{"href":"https:\/\/diarioregionaldigital.com.br\/index.php?rest_route=\/wp\/v2\/types\/post"}],"author":[{"embeddable":true,"href":"https:\/\/diarioregionaldigital.com.br\/index.php?rest_route=\/wp\/v2\/users\/96"}],"replies":[{"embeddable":true,"href":"https:\/\/diarioregionaldigital.com.br\/index.php?rest_route=%2Fwp%2Fv2%2Fcomments&post=76228"}],"version-history":[{"count":0,"href":"https:\/\/diarioregionaldigital.com.br\/index.php?rest_route=\/wp\/v2\/posts\/76228\/revisions"}],"wp:attachment":[{"href":"https:\/\/diarioregionaldigital.com.br\/index.php?rest_route=%2Fwp%2Fv2%2Fmedia&parent=76228"}],"wp:term":[{"taxonomy":"category","embeddable":true,"href":"https:\/\/diarioregionaldigital.com.br\/index.php?rest_route=%2Fwp%2Fv2%2Fcategories&post=76228"},{"taxonomy":"post_tag","embeddable":true,"href":"https:\/\/diarioregionaldigital.com.br\/index.php?rest_route=%2Fwp%2Fv2%2Ftags&post=76228"}],"curies":[{"name":"wp","href":"https:\/\/api.w.org\/{rel}","templated":true}]}}