{"id":76227,"date":"2017-06-28T21:07:04","date_gmt":"2017-06-29T00:07:04","guid":{"rendered":"http:\/\/diarioregionaljf.com.br\/2017\/06\/28\/gratuidade-de-estacionamento-em-hospitais-volta-a-ser-discutida-na-camara\/"},"modified":"2017-06-28T21:07:04","modified_gmt":"2017-06-29T00:07:04","slug":"gratuidade-de-estacionamento-em-hospitais-volta-a-ser-discutida-na-camara","status":"publish","type":"post","link":"https:\/\/diarioregionaldigital.com.br\/?p=76227","title":{"rendered":"Gratuidade de estacionamento em hospitais volta a ser discutida na C\u00e2mara"},"content":{"rendered":"<p>O Projeto de Lei (PL) N\u00famero 34\/2017, que prev\u00ea a proibi\u00e7\u00e3o da cobran\u00e7a em estabelecimentos hospitalares e ou cl\u00ednicas m\u00e9dicas, p\u00fablicas e privadas, por um per\u00edodo de tempo estimado voltou \u00e0 pauta na C\u00e2mara Municipal nessa ter\u00e7a-feira, 27. Com vota\u00e7\u00e3o marcada em primeira inst\u00e2ncia, a decis\u00e3o dos vereadores pela aprova\u00e7\u00e3o foi adiada ap\u00f3s o vereador Vagner Oliveira ter pedido vista do documento. A pr\u00f3xima discuss\u00e3o est\u00e1 marcada para esta quinta-feira, 29.<\/p>\n<p>Segundo o vereador Charlles Evangelista (PP), autor da proposta, a ideia de criar o PL surgiu a partir de demandas dos pr\u00f3prios pacientes. \u201cEsse projeto de lei vai beneficiar o paciente que chegar ao hospital para o procedimento de urg\u00eancia e emerg\u00eancia e precisar usar o estacionamento\u201d, afirma o vereador. \u201cA pessoa n\u00e3o pode ficar pagando para estacionar, sendo que a culpa da demora n\u00e3o \u00e9 dela\u201c, complementa.<\/p>\n<p>De acordo com o texto, ser\u00e3o permitidas duas horas (120 minutos) de estacionamento gratuito para o embarque e\/ou desembarque de pacientes em situa\u00e7\u00f5es de atendimento de urg\u00eancia e emerg\u00eancia. O documento indica, ainda, que hospitais, centros de sa\u00fade, cl\u00ednicas m\u00e9dicas e cong\u00eaneres dever\u00e3o fornecer comprovante do atendimento aos usu\u00e1rios para que tenha direito de estacionarem gratuitamente. Caso seja ultrapassado o tempo estipulado, ser\u00e1 permitida a cobran\u00e7a do uso do estacionamento normalmente.<\/p>\n<p>O PL tamb\u00e9m aponta que, caso haja descumprimento da lei, a unidade dever\u00e1 pagar uma multa de R$1 mil. Em caso de reincid\u00eancia, ser\u00e1 cobrado o dobro do valor da multa e a institui\u00e7\u00e3o poder\u00e1 ter o alvar\u00e1 cassado.<\/p>\n<p>Caso seja aprovado na vota\u00e7\u00e3o desta quinta-feira, o projeto seguir\u00e1 para san\u00e7\u00e3o do Poder Executivo.<\/p>\n<h4>&nbsp;<\/h4>\n","protected":false},"excerpt":{"rendered":"<p>O Projeto de Lei (PL) N\u00famero 34\/2017, que prev\u00ea a proibi\u00e7\u00e3o da cobran\u00e7a em estabelecimentos hospitalares e ou cl\u00ednicas m\u00e9dicas, p\u00fablicas e privadas, por um per\u00edodo de tempo estimado voltou \u00e0 pauta na C\u00e2mara Municipal nessa ter\u00e7a-feira, 27. Com vota\u00e7\u00e3o marcada em primeira inst\u00e2ncia, a decis\u00e3o dos vereadores pela aprova\u00e7\u00e3o foi adiada ap\u00f3s o vereador [&hellip;]<\/p>\n","protected":false},"author":96,"featured_media":76226,"comment_status":"closed","ping_status":"closed","sticky":false,"template":"","format":"standard","meta":{"footnotes":""},"categories":[254],"tags":[],"class_list":["post-76227","post","type-post","status-publish","format-standard","has-post-thumbnail","hentry","category-politica"],"_links":{"self":[{"href":"https:\/\/diarioregionaldigital.com.br\/index.php?rest_route=\/wp\/v2\/posts\/76227","targetHints":{"allow":["GET"]}}],"collection":[{"href":"https:\/\/diarioregionaldigital.com.br\/index.php?rest_route=\/wp\/v2\/posts"}],"about":[{"href":"https:\/\/diarioregionaldigital.com.br\/index.php?rest_route=\/wp\/v2\/types\/post"}],"author":[{"embeddable":true,"href":"https:\/\/diarioregionaldigital.com.br\/index.php?rest_route=\/wp\/v2\/users\/96"}],"replies":[{"embeddable":true,"href":"https:\/\/diarioregionaldigital.com.br\/index.php?rest_route=%2Fwp%2Fv2%2Fcomments&post=76227"}],"version-history":[{"count":0,"href":"https:\/\/diarioregionaldigital.com.br\/index.php?rest_route=\/wp\/v2\/posts\/76227\/revisions"}],"wp:featuredmedia":[{"embeddable":true,"href":"https:\/\/diarioregionaldigital.com.br\/index.php?rest_route=\/wp\/v2\/media\/76226"}],"wp:attachment":[{"href":"https:\/\/diarioregionaldigital.com.br\/index.php?rest_route=%2Fwp%2Fv2%2Fmedia&parent=76227"}],"wp:term":[{"taxonomy":"category","embeddable":true,"href":"https:\/\/diarioregionaldigital.com.br\/index.php?rest_route=%2Fwp%2Fv2%2Fcategories&post=76227"},{"taxonomy":"post_tag","embeddable":true,"href":"https:\/\/diarioregionaldigital.com.br\/index.php?rest_route=%2Fwp%2Fv2%2Ftags&post=76227"}],"curies":[{"name":"wp","href":"https:\/\/api.w.org\/{rel}","templated":true}]}}