{"id":76221,"date":"2017-06-28T20:46:11","date_gmt":"2017-06-28T23:46:11","guid":{"rendered":"http:\/\/diarioregionaljf.com.br\/2017\/06\/28\/juros-do-rotativo-do-cartao-de-credito-caem-para-363-ao-ano\/"},"modified":"2017-06-28T20:46:11","modified_gmt":"2017-06-28T23:46:11","slug":"juros-do-rotativo-do-cartao-de-credito-caem-para-363-ao-ano","status":"publish","type":"post","link":"https:\/\/diarioregionaldigital.com.br\/?p=76221","title":{"rendered":"Juros do rotativo do cart\u00e3o de cr\u00e9dito caem para 363% ao ano"},"content":{"rendered":"<p>A taxa de juros do rotativo do cart\u00e3o de cr\u00e9dito caiu 64,8 pontos percentuais em maio, indo para 363,3% ao ano, informou o Banco Central (BC). Em janeiro, a taxa era de 497,5% ao ano.<\/p>\n<p>O rotativo \u00e9 o cr\u00e9dito tomado pelo consumidor quando paga menos que o valor integral da fatura do cart\u00e3o. Desde abril, os consumidores que n\u00e3o conseguem pagar integralmente a fatura do cart\u00e3o de cr\u00e9dito s\u00f3 podem ficar no cr\u00e9dito rotativo por 30 dias.<\/p>\n<p>A nova regra, fixada pelo Conselho Monet\u00e1rio Nacional (CMN) em janeiro, obrigou as institui\u00e7\u00f5es financeiras a transferirem para o cr\u00e9dito parcelado, que cobra taxas menores.<\/p>\n<p>A taxa de juros do rotativo classificado pelo BC como \u201cn\u00e3o regular\u201d, em que o consumidor n\u00e3o pagou ou atrasou o pagamento m\u00ednimo da fatura, ficou em 445,1% ao ano, em maio, com redu\u00e7\u00e3o de 75,1 pontos percentuais em rela\u00e7\u00e3o a abril. A taxa do rotativo do cart\u00e3o \u201cregular\u201d caiu 50,2 pontos percentuais, indo para 247,5% ao ano. A m\u00e9dia dessas duas taxas \u00e9 363,3% ao ano. A taxa do cr\u00e9dito parcelado caiu 2,2 pontos percentuais para 160% ao ano.<\/p>\n<h4>CHEQUE ESPECIAL<\/h4>\n<p>Os juros do cheque especial ficaram em 325,1% ao ano, em maio, com redu\u00e7\u00e3o de 3,1 pontos percentuais em rela\u00e7\u00e3o a abril. A taxa m\u00e9dia de juros para as fam\u00edlias caiu 4,5 pontos percentuais para 63,8% ao ano, em maio. No caso das empresas, a taxa caiu 0,4 ponto percentual para 25,9% ao ano.<\/p>\n<p>A inadimpl\u00eancia do cr\u00e9dito, considerados atrasos acima de 90 dias, para pessoas f\u00edsicas ficou em 5,9%, com aumento de 0,1 ponto percentual em rela\u00e7\u00e3o a maio.<\/p>\n<p>No caso das pessoas jur\u00eddicas, a taxa chegou a 6%, com alta de 0,4 ponto percentual. Esses dados s\u00e3o do cr\u00e9dito livre em que os bancos t\u00eam autonomia para aplicar o captado no mercado.<\/p>\n<p>No caso do cr\u00e9dito direcionado (empr\u00e9stimos com regras definidas pelo governo, destinados aos setores habitacional, rural e de infraestrutura) os juros para as pessoas f\u00edsicas subiram 0,7 ponto percentual para 9,7% ao ano. A taxa cobrada das empresas aumentou 0,1 ponto percentual para 11,1% ao ano. A inadimpl\u00eancia das fam\u00edlias subiu 0,1 ponto percentual para 2,2% e das empresas, ficou est\u00e1vel em 2,2%.<\/p>\n<p>O saldo de todas as opera\u00e7\u00f5es de cr\u00e9dito concedido pelos bancos ficou em R$ 3,065 trilh\u00f5es, com queda de 0,2%, no m\u00eas. Em 12 meses, houve retra\u00e7\u00e3o de 2,6%. Em rela\u00e7\u00e3o a tudo o que o pa\u00eds produz \u2013 Produto Interno Bruto (PIB) o volume correspondeu a 48,6%, com redu\u00e7\u00e3o de 0,2 ponto percentual em rela\u00e7\u00e3o a abril.<\/p>\n<p>Fonte: Ag\u00eancia Brasil<\/p>\n","protected":false},"excerpt":{"rendered":"<p>A taxa de juros do rotativo do cart\u00e3o de cr\u00e9dito caiu 64,8 pontos percentuais em maio, indo para 363,3% ao ano, informou o Banco Central (BC). Em janeiro, a taxa era de 497,5% ao ano. O rotativo \u00e9 o cr\u00e9dito tomado pelo consumidor quando paga menos que o valor integral da fatura do cart\u00e3o. Desde [&hellip;]<\/p>\n","protected":false},"author":96,"featured_media":76220,"comment_status":"closed","ping_status":"closed","sticky":false,"template":"","format":"standard","meta":{"footnotes":""},"categories":[261],"tags":[],"class_list":["post-76221","post","type-post","status-publish","format-standard","has-post-thumbnail","hentry","category-economia"],"_links":{"self":[{"href":"https:\/\/diarioregionaldigital.com.br\/index.php?rest_route=\/wp\/v2\/posts\/76221","targetHints":{"allow":["GET"]}}],"collection":[{"href":"https:\/\/diarioregionaldigital.com.br\/index.php?rest_route=\/wp\/v2\/posts"}],"about":[{"href":"https:\/\/diarioregionaldigital.com.br\/index.php?rest_route=\/wp\/v2\/types\/post"}],"author":[{"embeddable":true,"href":"https:\/\/diarioregionaldigital.com.br\/index.php?rest_route=\/wp\/v2\/users\/96"}],"replies":[{"embeddable":true,"href":"https:\/\/diarioregionaldigital.com.br\/index.php?rest_route=%2Fwp%2Fv2%2Fcomments&post=76221"}],"version-history":[{"count":0,"href":"https:\/\/diarioregionaldigital.com.br\/index.php?rest_route=\/wp\/v2\/posts\/76221\/revisions"}],"wp:featuredmedia":[{"embeddable":true,"href":"https:\/\/diarioregionaldigital.com.br\/index.php?rest_route=\/wp\/v2\/media\/76220"}],"wp:attachment":[{"href":"https:\/\/diarioregionaldigital.com.br\/index.php?rest_route=%2Fwp%2Fv2%2Fmedia&parent=76221"}],"wp:term":[{"taxonomy":"category","embeddable":true,"href":"https:\/\/diarioregionaldigital.com.br\/index.php?rest_route=%2Fwp%2Fv2%2Fcategories&post=76221"},{"taxonomy":"post_tag","embeddable":true,"href":"https:\/\/diarioregionaldigital.com.br\/index.php?rest_route=%2Fwp%2Fv2%2Ftags&post=76221"}],"curies":[{"name":"wp","href":"https:\/\/api.w.org\/{rel}","templated":true}]}}