{"id":76219,"date":"2017-06-28T20:43:45","date_gmt":"2017-06-28T23:43:45","guid":{"rendered":"http:\/\/diarioregionaljf.com.br\/2017\/06\/28\/pesquisa-pontua-queda-na-confianca-da-industria\/"},"modified":"2017-06-28T20:43:45","modified_gmt":"2017-06-28T23:43:45","slug":"pesquisa-pontua-queda-na-confianca-da-industria","status":"publish","type":"post","link":"https:\/\/diarioregionaldigital.com.br\/?p=76219","title":{"rendered":"Pesquisa pontua queda na confian\u00e7a da ind\u00fastria"},"content":{"rendered":"<p>O \u00cdndice de Confian\u00e7a da Ind\u00fastria (ICI) apresentou queda de 2,8 pontos em junho, atingindo 89,5 pontos, o menor n\u00edvel desde fevereiro (87,8 pontos), depois de ter sido registrada a maior marca desde 2014, em maio \u00faltimo (92,3%). Treze de um total de 19 segmentos industriais reduziram a confian\u00e7a.<\/p>\n<p>O indicador tem rela\u00e7\u00e3o com a pesquisa Sondagem da Ind\u00fastria de Transforma\u00e7\u00e3o do Instituto Brasileiro de Economia da Funda\u00e7\u00e3o Getulio Vargas (FGV\/Ibre) com a participa\u00e7\u00e3o de 1.147 empresas em consultas, no per\u00edodo de 1 a 23 deste m\u00eas. As informa\u00e7\u00f5es foram divulgadas em S\u00e3o Paulo, pela FGV.<\/p>\n<p>A coordenadora da pesquisa, Tabi Thuler Santos, afirmou, em nota, que esse recuo se deve ao \u201caumento da incerteza ap\u00f3s a deflagra\u00e7\u00e3o da nova crise pol\u00edtica, em maio\u201d. Ela observou ainda que as consultas indicaram \u201ca interrup\u00e7\u00e3o do processo de ajuste dos estoques industriais e a favor\u00e1vel contribui\u00e7\u00e3o do mercado externo para o desempenho do setor nos \u00faltimos meses\u201d.<\/p>\n<h4>\u00cdNDICE DE EXPECTATIVAS<\/h4>\n<p>O estudo mostra ainda diminui\u00e7\u00e3o na confian\u00e7a tanto em rela\u00e7\u00e3o ao presente quanto no curto prazo. O \u00cdndice de Expectativas (IE) teve baixa de 3,6 pontos, atingindo 92,1 pontos e o \u00cdndice da Situa\u00e7\u00e3o Atual (ISA) apresentou redu\u00e7\u00e3o de 2 pontos ao alcan\u00e7ar 87 pontos.<\/p>\n<p>A propor\u00e7\u00e3o de empresas que planeja ampliar o quadro de empregados caiu de 13,9% para 9,3% e o universo de empresas que pretendem cortar vagas aumentou de 16,1% para 20,9%. O ceticismo empresarial tamb\u00e9m pode ser notado pela avalia\u00e7\u00e3o sobre o n\u00edvel de estoques. Na sondagem, 12,7% indicaram que o volume est\u00e1 excessivo ante 12,2% que tinham essa mesma vis\u00e3o, em maio \u00faltimo.<\/p>\n<p>Tamb\u00e9m ocorreu baixa de 05, ponto percentual no N\u00edvel de Utiliza\u00e7\u00e3o da Capacidade Instalada, que passou para 74,2%, o menor desde dezembro do ano passado.<\/p>\n<p>Fonte: Ag\u00eancia Brasil<\/p>\n","protected":false},"excerpt":{"rendered":"<p>O \u00cdndice de Confian\u00e7a da Ind\u00fastria (ICI) apresentou queda de 2,8 pontos em junho, atingindo 89,5 pontos, o menor n\u00edvel desde fevereiro (87,8 pontos), depois de ter sido registrada a maior marca desde 2014, em maio \u00faltimo (92,3%). Treze de um total de 19 segmentos industriais reduziram a confian\u00e7a. O indicador tem rela\u00e7\u00e3o com a [&hellip;]<\/p>\n","protected":false},"author":96,"featured_media":76218,"comment_status":"closed","ping_status":"closed","sticky":false,"template":"","format":"standard","meta":{"footnotes":""},"categories":[261],"tags":[],"class_list":["post-76219","post","type-post","status-publish","format-standard","has-post-thumbnail","hentry","category-economia"],"_links":{"self":[{"href":"https:\/\/diarioregionaldigital.com.br\/index.php?rest_route=\/wp\/v2\/posts\/76219","targetHints":{"allow":["GET"]}}],"collection":[{"href":"https:\/\/diarioregionaldigital.com.br\/index.php?rest_route=\/wp\/v2\/posts"}],"about":[{"href":"https:\/\/diarioregionaldigital.com.br\/index.php?rest_route=\/wp\/v2\/types\/post"}],"author":[{"embeddable":true,"href":"https:\/\/diarioregionaldigital.com.br\/index.php?rest_route=\/wp\/v2\/users\/96"}],"replies":[{"embeddable":true,"href":"https:\/\/diarioregionaldigital.com.br\/index.php?rest_route=%2Fwp%2Fv2%2Fcomments&post=76219"}],"version-history":[{"count":0,"href":"https:\/\/diarioregionaldigital.com.br\/index.php?rest_route=\/wp\/v2\/posts\/76219\/revisions"}],"wp:featuredmedia":[{"embeddable":true,"href":"https:\/\/diarioregionaldigital.com.br\/index.php?rest_route=\/wp\/v2\/media\/76218"}],"wp:attachment":[{"href":"https:\/\/diarioregionaldigital.com.br\/index.php?rest_route=%2Fwp%2Fv2%2Fmedia&parent=76219"}],"wp:term":[{"taxonomy":"category","embeddable":true,"href":"https:\/\/diarioregionaldigital.com.br\/index.php?rest_route=%2Fwp%2Fv2%2Fcategories&post=76219"},{"taxonomy":"post_tag","embeddable":true,"href":"https:\/\/diarioregionaldigital.com.br\/index.php?rest_route=%2Fwp%2Fv2%2Ftags&post=76219"}],"curies":[{"name":"wp","href":"https:\/\/api.w.org\/{rel}","templated":true}]}}