{"id":76217,"date":"2017-06-28T20:41:41","date_gmt":"2017-06-28T23:41:41","guid":{"rendered":"http:\/\/diarioregionaljf.com.br\/2017\/06\/28\/precos-de-produtos-na-saida-das-fabricas-sobem\/"},"modified":"2017-06-28T20:41:41","modified_gmt":"2017-06-28T23:41:41","slug":"precos-de-produtos-na-saida-das-fabricas-sobem","status":"publish","type":"post","link":"https:\/\/diarioregionaldigital.com.br\/?p=76217","title":{"rendered":"Pre\u00e7os de produtos na sa\u00edda das f\u00e1bricas sobem"},"content":{"rendered":"<p>O \u00cdndice de Pre\u00e7os ao Produtor (IPP), que mede a varia\u00e7\u00e3o de pre\u00e7os na porta de sa\u00edda das f\u00e1bricas brasileiras, sem impostos e fretes, registrou uma infla\u00e7\u00e3o de 0,12% em maio. Em abril, esses produtos haviam tido uma queda de pre\u00e7os (defla\u00e7\u00e3o) de 0,11%. O dado foi divulgado pelo Instituto Brasileiro de Geografia e Estat\u00edstica (IBGE).<\/p>\n<p>Apesar da alta de pre\u00e7os de 0,12% em maio, o IPP acumula defla\u00e7\u00e3o de 0,07% no ano. Em 12 meses, os produtos industrializados acumulam alta de pre\u00e7os de 2,26%, quando medidos na porta das f\u00e1bricas.<\/p>\n<p>Em maio, 16 das 24 atividades industriais pesquisadas tiveram aumento de pre\u00e7os em seus produtos. As principais influ\u00eancias para a taxa de 0,12% de maio vieram das atividades de refino de petr\u00f3leo e produtos de \u00e1lcool (com infla\u00e7\u00e3o de 2,45%) e ve\u00edculos automotores (com infla\u00e7\u00e3o de 1,35%).<br \/>Por outro lado, o segmento das ind\u00fastrias extrativas, com defla\u00e7\u00e3o de 10,95% no m\u00eas, foi a atividade que mais contribuiu para frear a infla\u00e7\u00e3o.<\/p>\n<p>Entre as grandes categorias econ\u00f4micas da ind\u00fastria, apenas os bens intermedi\u00e1rios, isto \u00e9, os insumos do setor produtivo, tiveram defla\u00e7\u00e3o (-0,27%). Os bens de consumo dur\u00e1veis acusaram a maior infla\u00e7\u00e3o (1,65%), enquanto os bens de consumo semi e n\u00e3o dur\u00e1veis tiveram alta de pre\u00e7os de 0,25% e os bens de capital, isto \u00e9, as m\u00e1quinas e equipamentos, de 0,73%.<\/p>\n<p>Fonte: Ag\u00eancia Brasil<\/p>\n","protected":false},"excerpt":{"rendered":"<p>O \u00cdndice de Pre\u00e7os ao Produtor (IPP), que mede a varia\u00e7\u00e3o de pre\u00e7os na porta de sa\u00edda das f\u00e1bricas brasileiras, sem impostos e fretes, registrou uma infla\u00e7\u00e3o de 0,12% em maio. Em abril, esses produtos haviam tido uma queda de pre\u00e7os (defla\u00e7\u00e3o) de 0,11%. O dado foi divulgado pelo Instituto Brasileiro de Geografia e Estat\u00edstica [&hellip;]<\/p>\n","protected":false},"author":96,"featured_media":76216,"comment_status":"closed","ping_status":"closed","sticky":false,"template":"","format":"standard","meta":{"footnotes":""},"categories":[261],"tags":[],"class_list":["post-76217","post","type-post","status-publish","format-standard","has-post-thumbnail","hentry","category-economia"],"_links":{"self":[{"href":"https:\/\/diarioregionaldigital.com.br\/index.php?rest_route=\/wp\/v2\/posts\/76217","targetHints":{"allow":["GET"]}}],"collection":[{"href":"https:\/\/diarioregionaldigital.com.br\/index.php?rest_route=\/wp\/v2\/posts"}],"about":[{"href":"https:\/\/diarioregionaldigital.com.br\/index.php?rest_route=\/wp\/v2\/types\/post"}],"author":[{"embeddable":true,"href":"https:\/\/diarioregionaldigital.com.br\/index.php?rest_route=\/wp\/v2\/users\/96"}],"replies":[{"embeddable":true,"href":"https:\/\/diarioregionaldigital.com.br\/index.php?rest_route=%2Fwp%2Fv2%2Fcomments&post=76217"}],"version-history":[{"count":0,"href":"https:\/\/diarioregionaldigital.com.br\/index.php?rest_route=\/wp\/v2\/posts\/76217\/revisions"}],"wp:featuredmedia":[{"embeddable":true,"href":"https:\/\/diarioregionaldigital.com.br\/index.php?rest_route=\/wp\/v2\/media\/76216"}],"wp:attachment":[{"href":"https:\/\/diarioregionaldigital.com.br\/index.php?rest_route=%2Fwp%2Fv2%2Fmedia&parent=76217"}],"wp:term":[{"taxonomy":"category","embeddable":true,"href":"https:\/\/diarioregionaldigital.com.br\/index.php?rest_route=%2Fwp%2Fv2%2Fcategories&post=76217"},{"taxonomy":"post_tag","embeddable":true,"href":"https:\/\/diarioregionaldigital.com.br\/index.php?rest_route=%2Fwp%2Fv2%2Ftags&post=76217"}],"curies":[{"name":"wp","href":"https:\/\/api.w.org\/{rel}","templated":true}]}}