{"id":76215,"date":"2017-06-28T20:37:53","date_gmt":"2017-06-28T23:37:53","guid":{"rendered":"http:\/\/diarioregionaljf.com.br\/2017\/06\/28\/microempreendedor-podera-parcelar-debitos-com-a-receita-federal\/"},"modified":"2017-06-28T20:37:53","modified_gmt":"2017-06-28T23:37:53","slug":"microempreendedor-podera-parcelar-debitos-com-a-receita-federal","status":"publish","type":"post","link":"https:\/\/diarioregionaldigital.com.br\/?p=76215","title":{"rendered":"Microempreendedor poder\u00e1 parcelar d\u00e9bitos com a Receita Federal"},"content":{"rendered":"<p>Os microempreendedores individuais poder\u00e3o parcelar em at\u00e9 120 presta\u00e7\u00f5es mensais d\u00e9bitos com a Receita Federal. O Di\u00e1rio Oficial da Uni\u00e3o traz uma instru\u00e7\u00e3o normativa para regulamentar o parcelamento de d\u00e9bitos, apurados na forma do Sistema de Recolhimento em Valores Fixos Mensais dos Tributos abrangidos pelo Simples Nacional (Simei) at\u00e9 a compet\u00eancia do m\u00eas de maio de 2016.<\/p>\n<p>O pedido de parcelamento dever\u00e1 ser apresentado a partir do dia 3 de julho at\u00e9 2 de outubro de 2017, das 8h \u00e0s 20h, hor\u00e1rio de Bras\u00edlia, exclusivamente por meio do site da Receita Federal, do portal e-CAC ou do portal do Simples Nacional. Para o parcelamento, n\u00e3o \u00e9 necess\u00e1ria apresenta\u00e7\u00e3o de garantia. O valor m\u00ednimo das parcelas \u00e9 R$50.<\/p>\n<p>De acordo com a instru\u00e7\u00e3o normativa, n\u00e3o podem ser parcelados d\u00e9bitos, como os inscritos em D\u00edvida Ativa da Uni\u00e3o, os relativos aos Impostos sobre Opera\u00e7\u00f5es referentes \u00e0 Circula\u00e7\u00e3o de Mercadorias e Presta\u00e7\u00e3o de Servi\u00e7os de Transporte Interestadual e Intermunicipal e de Comunica\u00e7\u00e3o e sobre Servi\u00e7os de Qualquer Natureza, inscritos em d\u00edvida ativa dos estados ou munic\u00edpios, al\u00e9m de multas por descumprimento de obriga\u00e7\u00e3o acess\u00f3ria e d\u00e9bitos relativos \u00e0 contribui\u00e7\u00e3o previdenci\u00e1ria descontada de empregado.<\/p>\n<p>No parcelamento ser\u00e1 poss\u00edvel reduzir o valor da multa. Haver\u00e1 redu\u00e7\u00e3o de 40% se o requerimento for feito no prazo de 30 dias, contado da data em que foi notificado do lan\u00e7amento ou de 20% se o pedido de parcelamento for feito no prazo de 30 dias, contado da data em que foi notificado da decis\u00e3o administrativa de primeira inst\u00e2ncia.<\/p>\n<p>Fonte: Ag\u00eancia Brasil<\/p>\n","protected":false},"excerpt":{"rendered":"<p>Os microempreendedores individuais poder\u00e3o parcelar em at\u00e9 120 presta\u00e7\u00f5es mensais d\u00e9bitos com a Receita Federal. O Di\u00e1rio Oficial da Uni\u00e3o traz uma instru\u00e7\u00e3o normativa para regulamentar o parcelamento de d\u00e9bitos, apurados na forma do Sistema de Recolhimento em Valores Fixos Mensais dos Tributos abrangidos pelo Simples Nacional (Simei) at\u00e9 a compet\u00eancia do m\u00eas de maio [&hellip;]<\/p>\n","protected":false},"author":96,"featured_media":76214,"comment_status":"closed","ping_status":"closed","sticky":false,"template":"","format":"standard","meta":{"footnotes":""},"categories":[261],"tags":[],"class_list":["post-76215","post","type-post","status-publish","format-standard","has-post-thumbnail","hentry","category-economia"],"_links":{"self":[{"href":"https:\/\/diarioregionaldigital.com.br\/index.php?rest_route=\/wp\/v2\/posts\/76215","targetHints":{"allow":["GET"]}}],"collection":[{"href":"https:\/\/diarioregionaldigital.com.br\/index.php?rest_route=\/wp\/v2\/posts"}],"about":[{"href":"https:\/\/diarioregionaldigital.com.br\/index.php?rest_route=\/wp\/v2\/types\/post"}],"author":[{"embeddable":true,"href":"https:\/\/diarioregionaldigital.com.br\/index.php?rest_route=\/wp\/v2\/users\/96"}],"replies":[{"embeddable":true,"href":"https:\/\/diarioregionaldigital.com.br\/index.php?rest_route=%2Fwp%2Fv2%2Fcomments&post=76215"}],"version-history":[{"count":0,"href":"https:\/\/diarioregionaldigital.com.br\/index.php?rest_route=\/wp\/v2\/posts\/76215\/revisions"}],"wp:featuredmedia":[{"embeddable":true,"href":"https:\/\/diarioregionaldigital.com.br\/index.php?rest_route=\/wp\/v2\/media\/76214"}],"wp:attachment":[{"href":"https:\/\/diarioregionaldigital.com.br\/index.php?rest_route=%2Fwp%2Fv2%2Fmedia&parent=76215"}],"wp:term":[{"taxonomy":"category","embeddable":true,"href":"https:\/\/diarioregionaldigital.com.br\/index.php?rest_route=%2Fwp%2Fv2%2Fcategories&post=76215"},{"taxonomy":"post_tag","embeddable":true,"href":"https:\/\/diarioregionaldigital.com.br\/index.php?rest_route=%2Fwp%2Fv2%2Ftags&post=76215"}],"curies":[{"name":"wp","href":"https:\/\/api.w.org\/{rel}","templated":true}]}}