{"id":76209,"date":"2017-06-28T20:10:54","date_gmt":"2017-06-28T23:10:54","guid":{"rendered":"http:\/\/diarioregionaljf.com.br\/2017\/06\/28\/homem-e-preso-em-flagrante-apos-tentar-roubar-paroquia-na-cidade-alta\/"},"modified":"2017-06-28T20:10:54","modified_gmt":"2017-06-28T23:10:54","slug":"homem-e-preso-em-flagrante-apos-tentar-roubar-paroquia-na-cidade-alta","status":"publish","type":"post","link":"https:\/\/diarioregionaldigital.com.br\/?p=76209","title":{"rendered":"Homem \u00e9 preso em flagrante ap\u00f3s tentar roubar par\u00f3quia no Nossa Senhora Aparecida"},"content":{"rendered":"<p>A Par\u00f3quia de Nossa Senhora Aparecida, localizada no bairro hom\u00f4nimo, zona Leste, foi alvo de uma tentativa de assalto, na noite dessa ter\u00e7a-feira, 27. A Pol\u00edcia Militar (PM) foi at\u00e9 o local para verificar o motivo do alarme da par\u00f3quia ter disparado. Ao chegar, militares viram que um dos basculantes da janela da sala da secretaria estava aberto e danificado. Ao se aproximarem, escutaram barulho vindo do interior da secretaria e viram um homem dentro da sala. O suspeito tentou fugir, quebrando o vidro da porta dos fundos, mas foi capturado pelos militares e preso em flagrante.<\/p>\n<p>O autor apresentava uma escoria\u00e7\u00e3o na testa, devido \u00e0 queda sofrida ao entrar na sala da par\u00f3quia, e um corte no p\u00e9 esquerdo, causado quando quebrou o vidro da porta. O autor foi levado ao Hospital de Pronto Socorro (HPS) para ser medicado. No hospital, o autor tentou fugir novamente e foi imobilizado e encaminhado para a delegacia.<\/p>\n<p>Na secretaria da par\u00f3quia, o autor tinha arrancado o sensor do alarme e juntado um data show, um notebook e um celular para levar.<\/p>\n","protected":false},"excerpt":{"rendered":"<p>A Par\u00f3quia de Nossa Senhora Aparecida, localizada no bairro hom\u00f4nimo, zona Leste, foi alvo de uma tentativa de assalto, na noite dessa ter\u00e7a-feira, 27. A Pol\u00edcia Militar (PM) foi at\u00e9 o local para verificar o motivo do alarme da par\u00f3quia ter disparado. Ao chegar, militares viram que um dos basculantes da janela da sala da [&hellip;]<\/p>\n","protected":false},"author":96,"featured_media":76208,"comment_status":"closed","ping_status":"closed","sticky":false,"template":"","format":"standard","meta":{"footnotes":""},"categories":[253],"tags":[],"class_list":["post-76209","post","type-post","status-publish","format-standard","has-post-thumbnail","hentry","category-cidade"],"_links":{"self":[{"href":"https:\/\/diarioregionaldigital.com.br\/index.php?rest_route=\/wp\/v2\/posts\/76209","targetHints":{"allow":["GET"]}}],"collection":[{"href":"https:\/\/diarioregionaldigital.com.br\/index.php?rest_route=\/wp\/v2\/posts"}],"about":[{"href":"https:\/\/diarioregionaldigital.com.br\/index.php?rest_route=\/wp\/v2\/types\/post"}],"author":[{"embeddable":true,"href":"https:\/\/diarioregionaldigital.com.br\/index.php?rest_route=\/wp\/v2\/users\/96"}],"replies":[{"embeddable":true,"href":"https:\/\/diarioregionaldigital.com.br\/index.php?rest_route=%2Fwp%2Fv2%2Fcomments&post=76209"}],"version-history":[{"count":0,"href":"https:\/\/diarioregionaldigital.com.br\/index.php?rest_route=\/wp\/v2\/posts\/76209\/revisions"}],"wp:featuredmedia":[{"embeddable":true,"href":"https:\/\/diarioregionaldigital.com.br\/index.php?rest_route=\/wp\/v2\/media\/76208"}],"wp:attachment":[{"href":"https:\/\/diarioregionaldigital.com.br\/index.php?rest_route=%2Fwp%2Fv2%2Fmedia&parent=76209"}],"wp:term":[{"taxonomy":"category","embeddable":true,"href":"https:\/\/diarioregionaldigital.com.br\/index.php?rest_route=%2Fwp%2Fv2%2Fcategories&post=76209"},{"taxonomy":"post_tag","embeddable":true,"href":"https:\/\/diarioregionaldigital.com.br\/index.php?rest_route=%2Fwp%2Fv2%2Ftags&post=76209"}],"curies":[{"name":"wp","href":"https:\/\/api.w.org\/{rel}","templated":true}]}}