{"id":76207,"date":"2017-06-28T20:04:18","date_gmt":"2017-06-28T23:04:18","guid":{"rendered":"http:\/\/diarioregionaljf.com.br\/2017\/06\/28\/dupla-assalta-mulher-no-monte-castelo\/"},"modified":"2017-06-28T20:04:18","modified_gmt":"2017-06-28T23:04:18","slug":"dupla-assalta-mulher-no-monte-castelo","status":"publish","type":"post","link":"https:\/\/diarioregionaldigital.com.br\/?p=76207","title":{"rendered":"Dupla assalta mulher no Monte Castelo"},"content":{"rendered":"<p>Uma mulher de 32 anos foi assaltada na Rua Nazira Mattar de Freitas, localizada no bairro Monte Castelo, zona Norte, na noite dessa ter\u00e7a-feira, 27.<\/p>\n<p>Segundo informa\u00e7\u00f5es da Pol\u00edcia Militar (PM), a v\u00edtima estava passando pelo local e viu uma motocicleta preta parada, com dois homens de capacetes nela. Um dos autores se aproximou da mulher e simulou que estava armado, com a m\u00e3o em baixo da blusa, e roubou o celular da v\u00edtima.<\/p>\n<p>Os autores fugiram na dire\u00e7\u00e3o do interior do bairro. Foi feito rastreamento na regi\u00e3o, mas nenhum suspeito foi localizado.<\/p>\n","protected":false},"excerpt":{"rendered":"<p>Uma mulher de 32 anos foi assaltada na Rua Nazira Mattar de Freitas, localizada no bairro Monte Castelo, zona Norte, na noite dessa ter\u00e7a-feira, 27. Segundo informa\u00e7\u00f5es da Pol\u00edcia Militar (PM), a v\u00edtima estava passando pelo local e viu uma motocicleta preta parada, com dois homens de capacetes nela. Um dos autores se aproximou da [&hellip;]<\/p>\n","protected":false},"author":96,"featured_media":76206,"comment_status":"closed","ping_status":"closed","sticky":false,"template":"","format":"standard","meta":{"footnotes":""},"categories":[253],"tags":[],"class_list":["post-76207","post","type-post","status-publish","format-standard","has-post-thumbnail","hentry","category-cidade"],"_links":{"self":[{"href":"https:\/\/diarioregionaldigital.com.br\/index.php?rest_route=\/wp\/v2\/posts\/76207","targetHints":{"allow":["GET"]}}],"collection":[{"href":"https:\/\/diarioregionaldigital.com.br\/index.php?rest_route=\/wp\/v2\/posts"}],"about":[{"href":"https:\/\/diarioregionaldigital.com.br\/index.php?rest_route=\/wp\/v2\/types\/post"}],"author":[{"embeddable":true,"href":"https:\/\/diarioregionaldigital.com.br\/index.php?rest_route=\/wp\/v2\/users\/96"}],"replies":[{"embeddable":true,"href":"https:\/\/diarioregionaldigital.com.br\/index.php?rest_route=%2Fwp%2Fv2%2Fcomments&post=76207"}],"version-history":[{"count":0,"href":"https:\/\/diarioregionaldigital.com.br\/index.php?rest_route=\/wp\/v2\/posts\/76207\/revisions"}],"wp:featuredmedia":[{"embeddable":true,"href":"https:\/\/diarioregionaldigital.com.br\/index.php?rest_route=\/wp\/v2\/media\/76206"}],"wp:attachment":[{"href":"https:\/\/diarioregionaldigital.com.br\/index.php?rest_route=%2Fwp%2Fv2%2Fmedia&parent=76207"}],"wp:term":[{"taxonomy":"category","embeddable":true,"href":"https:\/\/diarioregionaldigital.com.br\/index.php?rest_route=%2Fwp%2Fv2%2Fcategories&post=76207"},{"taxonomy":"post_tag","embeddable":true,"href":"https:\/\/diarioregionaldigital.com.br\/index.php?rest_route=%2Fwp%2Fv2%2Ftags&post=76207"}],"curies":[{"name":"wp","href":"https:\/\/api.w.org\/{rel}","templated":true}]}}