{"id":76203,"date":"2017-06-28T19:43:10","date_gmt":"2017-06-28T22:43:10","guid":{"rendered":"http:\/\/diarioregionaljf.com.br\/2017\/06\/28\/projeto-de-lei-concede-passe-livre-para-deficiente-intelectual\/"},"modified":"2017-06-28T19:43:10","modified_gmt":"2017-06-28T22:43:10","slug":"projeto-de-lei-concede-passe-livre-para-deficiente-intelectual","status":"publish","type":"post","link":"https:\/\/diarioregionaldigital.com.br\/?p=76203","title":{"rendered":"Projeto de Lei concede passe livre para deficiente intelectual"},"content":{"rendered":"<p>Foi aprovado o projeto de lei (PL) do vereador Roberto Cupolillo (Bet\u00e3o-PT) que concede gratuidade no transporte coletivo de Juiz de Fora para pessoas com defici\u00eancia intelectual. De acordo com o texto, para adquirir o benef\u00edcio, a pessoa dever\u00e1 apresentar um laudo m\u00e9dico ou psicol\u00f3gico, atestando a defici\u00eancia.<\/p>\n<p>A emenda apresentada pelo autor no \u00faltimo dia 26 retira o inciso I do art. 1 que recomenda o deficiente intelectual estar matriculado em escolas p\u00fablicas e privadas. De acordo com o autor, a retirada \u00e9 para adequar o PL \u00e0 legisla\u00e7\u00e3o.<\/p>\n<p>Outro fator importante que o PL cita \u00e9 a renda familiar que n\u00e3o pode ser superior a tr\u00eas sal\u00e1rios m\u00ednimos e que o passe livre ser\u00e1 extensivo ao acompanhante, caso haja necessidade garantida atestada pelos profissionais da \u00e1rea. A mat\u00e9ria segue para san\u00e7\u00e3o do Executivo.<\/p>\n<p>Fonte: Assessoria<\/p>\n","protected":false},"excerpt":{"rendered":"<p>Foi aprovado o projeto de lei (PL) do vereador Roberto Cupolillo (Bet\u00e3o-PT) que concede gratuidade no transporte coletivo de Juiz de Fora para pessoas com defici\u00eancia intelectual. De acordo com o texto, para adquirir o benef\u00edcio, a pessoa dever\u00e1 apresentar um laudo m\u00e9dico ou psicol\u00f3gico, atestando a defici\u00eancia. A emenda apresentada pelo autor no \u00faltimo [&hellip;]<\/p>\n","protected":false},"author":96,"featured_media":76202,"comment_status":"closed","ping_status":"closed","sticky":false,"template":"","format":"standard","meta":{"footnotes":""},"categories":[254],"tags":[],"class_list":["post-76203","post","type-post","status-publish","format-standard","has-post-thumbnail","hentry","category-politica"],"_links":{"self":[{"href":"https:\/\/diarioregionaldigital.com.br\/index.php?rest_route=\/wp\/v2\/posts\/76203","targetHints":{"allow":["GET"]}}],"collection":[{"href":"https:\/\/diarioregionaldigital.com.br\/index.php?rest_route=\/wp\/v2\/posts"}],"about":[{"href":"https:\/\/diarioregionaldigital.com.br\/index.php?rest_route=\/wp\/v2\/types\/post"}],"author":[{"embeddable":true,"href":"https:\/\/diarioregionaldigital.com.br\/index.php?rest_route=\/wp\/v2\/users\/96"}],"replies":[{"embeddable":true,"href":"https:\/\/diarioregionaldigital.com.br\/index.php?rest_route=%2Fwp%2Fv2%2Fcomments&post=76203"}],"version-history":[{"count":0,"href":"https:\/\/diarioregionaldigital.com.br\/index.php?rest_route=\/wp\/v2\/posts\/76203\/revisions"}],"wp:featuredmedia":[{"embeddable":true,"href":"https:\/\/diarioregionaldigital.com.br\/index.php?rest_route=\/wp\/v2\/media\/76202"}],"wp:attachment":[{"href":"https:\/\/diarioregionaldigital.com.br\/index.php?rest_route=%2Fwp%2Fv2%2Fmedia&parent=76203"}],"wp:term":[{"taxonomy":"category","embeddable":true,"href":"https:\/\/diarioregionaldigital.com.br\/index.php?rest_route=%2Fwp%2Fv2%2Fcategories&post=76203"},{"taxonomy":"post_tag","embeddable":true,"href":"https:\/\/diarioregionaldigital.com.br\/index.php?rest_route=%2Fwp%2Fv2%2Ftags&post=76203"}],"curies":[{"name":"wp","href":"https:\/\/api.w.org\/{rel}","templated":true}]}}