{"id":76201,"date":"2017-06-28T19:32:06","date_gmt":"2017-06-28T22:32:06","guid":{"rendered":"http:\/\/diarioregionaljf.com.br\/2017\/06\/28\/governo-vai-pedir-credito-extra-de-r-102-milhoes-para-retomar-emissao-do-passaporte\/"},"modified":"2017-06-28T19:32:06","modified_gmt":"2017-06-28T22:32:06","slug":"governo-vai-pedir-credito-extra-de-r-102-milhoes-para-retomar-emissao-do-passaporte","status":"publish","type":"post","link":"https:\/\/diarioregionaldigital.com.br\/?p=76201","title":{"rendered":"Governo vai pedir cr\u00e9dito extra de R$102 milh\u00f5es para retomar emiss\u00e3o do passaporte"},"content":{"rendered":"<p>O governo federal informou que enviar\u00e1 nessa ter\u00e7a-feira, 28, ao Congresso Nacional projeto de lei propondo abertura de cr\u00e9dito suplementar acima de R$102 milh\u00f5es para o Minist\u00e9rio da Justi\u00e7a regularizar os pagamentos para emiss\u00e3o de passaportes.<\/p>\n<p>A <a href=\"geral\/17244-policia-federal-suspende-emissao-de-passaportes\">Pol\u00edcia Federal (PF) suspendeu nessa ter\u00e7a-feira, 27, a confec\u00e7\u00e3o de novos passaportes<\/a>. De acordo com nota da PF, a suspens\u00e3o ocorre por causa da &#8220;insufici\u00eancia de or\u00e7amento destinado \u00e0s atividades de controle migrat\u00f3rio e emiss\u00e3o de documentos de viagem&#8221;.<\/p>\n<p>Conforme nota divulgada pelo Minist\u00e9rio do Planejamento, como a abertura do cr\u00e9dito \u00e9 urgente, a Comiss\u00e3o Mista de Or\u00e7amento pode votar o projeto ainda nesta semana e o Congresso Nacional, na pr\u00f3xima semana. &#8220;A abertura de cr\u00e9dito suplementar no or\u00e7amento s\u00f3 pode ser feita via projeto de lei e n\u00e3o medida provis\u00f3ria&#8221;, diz a nota do minist\u00e9rio.<\/p>\n<p>A abertura do cr\u00e9dito suplementar n\u00e3o descumpre as normas do ajuste fiscal, de acordo com o minist\u00e9rio.<\/p>\n<h4>AGENDAMENTOS<\/h4>\n<p>Segundo o minist\u00e9rio, &#8220;os agendamentos e requisi\u00e7\u00f5es para passaportes est\u00e3o mantidos assim como os pedidos de agendamentos j\u00e1 realizados ser\u00e3o atendidos normalmente pela Pol\u00edcia Federal&#8221;. O governo afirma que a entrega dos passaportes ser\u00e1 regularizada nos pr\u00f3ximos dias.<\/p>\n<p>Fonte: Ag\u00eancia Brasil<\/p>\n","protected":false},"excerpt":{"rendered":"<p>O governo federal informou que enviar\u00e1 nessa ter\u00e7a-feira, 28, ao Congresso Nacional projeto de lei propondo abertura de cr\u00e9dito suplementar acima de R$102 milh\u00f5es para o Minist\u00e9rio da Justi\u00e7a regularizar os pagamentos para emiss\u00e3o de passaportes. A Pol\u00edcia Federal (PF) suspendeu nessa ter\u00e7a-feira, 27, a confec\u00e7\u00e3o de novos passaportes. De acordo com nota da PF, [&hellip;]<\/p>\n","protected":false},"author":96,"featured_media":76200,"comment_status":"closed","ping_status":"closed","sticky":false,"template":"","format":"standard","meta":{"footnotes":""},"categories":[252],"tags":[],"class_list":["post-76201","post","type-post","status-publish","format-standard","has-post-thumbnail","hentry","category-regiao"],"_links":{"self":[{"href":"https:\/\/diarioregionaldigital.com.br\/index.php?rest_route=\/wp\/v2\/posts\/76201","targetHints":{"allow":["GET"]}}],"collection":[{"href":"https:\/\/diarioregionaldigital.com.br\/index.php?rest_route=\/wp\/v2\/posts"}],"about":[{"href":"https:\/\/diarioregionaldigital.com.br\/index.php?rest_route=\/wp\/v2\/types\/post"}],"author":[{"embeddable":true,"href":"https:\/\/diarioregionaldigital.com.br\/index.php?rest_route=\/wp\/v2\/users\/96"}],"replies":[{"embeddable":true,"href":"https:\/\/diarioregionaldigital.com.br\/index.php?rest_route=%2Fwp%2Fv2%2Fcomments&post=76201"}],"version-history":[{"count":0,"href":"https:\/\/diarioregionaldigital.com.br\/index.php?rest_route=\/wp\/v2\/posts\/76201\/revisions"}],"wp:featuredmedia":[{"embeddable":true,"href":"https:\/\/diarioregionaldigital.com.br\/index.php?rest_route=\/wp\/v2\/media\/76200"}],"wp:attachment":[{"href":"https:\/\/diarioregionaldigital.com.br\/index.php?rest_route=%2Fwp%2Fv2%2Fmedia&parent=76201"}],"wp:term":[{"taxonomy":"category","embeddable":true,"href":"https:\/\/diarioregionaldigital.com.br\/index.php?rest_route=%2Fwp%2Fv2%2Fcategories&post=76201"},{"taxonomy":"post_tag","embeddable":true,"href":"https:\/\/diarioregionaldigital.com.br\/index.php?rest_route=%2Fwp%2Fv2%2Ftags&post=76201"}],"curies":[{"name":"wp","href":"https:\/\/api.w.org\/{rel}","templated":true}]}}