{"id":76199,"date":"2017-06-28T18:56:08","date_gmt":"2017-06-28T21:56:08","guid":{"rendered":"http:\/\/diarioregionaljf.com.br\/2017\/06\/28\/secretaria-de-saude-da-dicas-para-curtir-as-viagens-de-ferias-sem-descuidar-da-saude\/"},"modified":"2017-06-28T18:56:08","modified_gmt":"2017-06-28T21:56:08","slug":"secretaria-de-saude-da-dicas-para-curtir-as-viagens-de-ferias-sem-descuidar-da-saude","status":"publish","type":"post","link":"https:\/\/diarioregionaldigital.com.br\/?p=76199","title":{"rendered":"Secretaria de Sa\u00fade d\u00e1 dicas para curtir as viagens de f\u00e9rias sem descuidar da sa\u00fade"},"content":{"rendered":"<p>Com a chegada das f\u00e9rias, muita gente aproveita para viajar. Seja para fora do pa\u00eds, seja para aproveitar a diversidade das cidades brasileiras, o deslocamento de pessoas nos aeroportos e rodovi\u00e1rias tende a aumentar muito nesse per\u00edodo do ano. Mas antes de arrumar as malas, o viajante precisa estar atento \u00e0s exig\u00eancias de vacinas para visitar alguns destinos.<\/p>\n<p>Segundo o m\u00e9dico epidemiologista e refer\u00eancia t\u00e9cnica da Secretaria de Estado de Sa\u00fade (SES-MG), Jos\u00e9 Geraldo Leite, \u00e9 preciso estar atento a tr\u00eas categorias de vacina\u00e7\u00e3o: aquelas pr\u00f3prias do calend\u00e1rio nacional de imuniza\u00e7\u00e3o, aquelas que s\u00e3o exig\u00eancias internacionais e aquelas vacinas que s\u00e3o necess\u00e1rias devido a diferen\u00e7as epidemiol\u00f3gicas entre pa\u00edses e entre os estados brasileiros.<\/p>\n<p>\u201cA imuniza\u00e7\u00e3o \u00e9 uma das principais armas na preven\u00e7\u00e3o e erradica\u00e7\u00e3o de doen\u00e7as. Por isso, \u00e9 necess\u00e1rio que o viajante mantenha o cart\u00e3o de vacina atualizado. E que procure informa\u00e7\u00f5es sobre as exig\u00eancias para visitar alguns destinos internacionais. E mesmo dentro do Brasil, pode haver algumas recomenda\u00e7\u00f5es especiais. \u00c9 muito importante conferir e atualizar o cart\u00e3o de vacina\u00e7\u00e3o e garantir a divers\u00e3o com a sa\u00fade em dia\u201d, aconselha Leite.<\/p>\n<h4>VIAGENS PARA O EXTERIOR<\/h4>\n<p>Para quem tem como destino outro pa\u00eds, Jos\u00e9 Geraldo Leite sugere que para saber quais vacinas o pa\u00eds de destino exige, os viajantes acessem ao <a href=\"https:\/\/viajante.anvisa.gov.br\/viajante\/\">link<\/a> e compare\u00e7am a um Centro de Orienta\u00e7\u00e3o de Sa\u00fade do Viajante (CVO). Assim \u00e9 poss\u00edvel descobrir, al\u00e9m das vacinas que s\u00e3o recomendadas, outras dicas importantes para manter a sa\u00fade mesmo estando longe de casa.<\/p>\n<p>Os Centros de Orienta\u00e7\u00e3o \u00e0 Sa\u00fade do Viajante (COV) fazem parte de uma rede de aten\u00e7\u00e3o \u00e0 sa\u00fade do viajante. Esses centros t\u00eam o objetivo de atender e orientar as pessoas que viajam a aderirem \u00e0s pr\u00e1ticas e cuidados com a sa\u00fade, e realizar a emiss\u00e3o do Certificado Internacional de Vacina\u00e7\u00e3o ou Profilaxia (CIVP).<\/p>\n<p>O Certificado Internacional de Vacina\u00e7\u00e3o e Profilaxia (CIVP) \u00e9 um documento exigido por alguns pa\u00edses do mundo como comprovante de que a vacina\u00e7\u00e3o est\u00e1 em dia. Para obter o certificado \u00e9 necess\u00e1rio se vacinar e comparecer a um Centro de Orienta\u00e7\u00e3o de Viajantes apresentando o cart\u00e3o de vacina\u00e7\u00e3o devidamente preenchido com data da administra\u00e7\u00e3o e lote da vacina, assinatura do agente de sa\u00fade respons\u00e1vel e identifica\u00e7\u00e3o da unidade de sa\u00fade. \u00c9 necess\u00e1rio tamb\u00e9m apresentar um documento de identidade com foto.<\/p>\n<p>Alguns postos da Ag\u00eancia Nacional de Vigil\u00e2ncia Sanit\u00e1ria (Anvisa), localizados em portos, aeroportos e fronteiras, funcionam tamb\u00e9m como COV, realizando a orienta\u00e7\u00e3o ao viajante e a emiss\u00e3o do certificado.<\/p>\n<p>Servi\u00e7os privados de vacina\u00e7\u00e3o, quando credenciados na Anvisa, tamb\u00e9m podem funcionam como esses Centros de Orienta\u00e7\u00e3o. Eles realizam a vacina\u00e7\u00e3o e emitem o certificado para viajantes vacinados no pr\u00f3prio estabelecimento. Nestes lugares, o viajante pagar\u00e1 pelo servi\u00e7o de vacina\u00e7\u00e3o, por\u00e9m a emiss\u00e3o do Certificado Internacional (CIVP) \u00e9 gratuita.<\/p>\n<p>Em Minas Gerais, existem quatro Centros de Orienta\u00e7\u00e3o de Viajantes, dois deles p\u00fablicos. O primeiro est\u00e1 localizado no Aeroporto de Confins (telefone 31 3689 -2009) e o segundo na Secretaria Municipal de Sa\u00fade de Belo Horizonte (telefone 31 3246 \u2013 5026). A lista completa dos centros est\u00e1 dispon\u00edvel no <a href=\"https:\/\/viajante.anvisa.gov.br\/viajante\/hotsite\/centros.pdf\">link<\/a>.<\/p>\n<p>De malas prontas para o M\u00e9xico, a funcion\u00e1ria p\u00fablica Fernanda Rosa j\u00e1 conferiu as recomenda\u00e7\u00f5es de sa\u00fade. Fernanda esteve em um dos COV em Belo Horizonte e descobriu que o M\u00e9xico exige vacina contra a febre amarela.<\/p>\n<p>\u201cPara tirar minhas d\u00favidas sobre a viagem, fui ao Servi\u00e7o de Aten\u00e7\u00e3o \u00e0 Sa\u00fade do Viajante aqui de Belo Horizonte. L\u00e1 fui orientada que o pa\u00eds exige a vacina\u00e7\u00e3o contra a febre amarela. Como minha vacina\u00e7\u00e3o estava em dia, apresentei meu cart\u00e3o e minha identidade e, imediatamente, emitiram meu Certificado Internacional\u201d, conta Fernanda.<\/p>\n<h4>DENTRO DO PA\u00cdS<\/h4>\n<p>Para quem fica aqui pelo Brasil, a regra geral, segundo Jos\u00e9 Geraldo Leite, \u00e9 manter o cart\u00e3o vacinal atualizado. Receber todas as vacinas do calend\u00e1rio b\u00e1sico de vacina\u00e7\u00e3o, para cada faixa et\u00e1ria, \u00e9 muito importante.<\/p>\n<p>Por exemplo, para um adulto a recomenda\u00e7\u00e3o \u00e9 que recebam vacinas contra febre amarela, tr\u00edplice viral, hepatite B e dT (difteria e t\u00e9tano). Confira se seu cart\u00e3o de vacina est\u00e1 atualizado no <a href=\"http:\/\/www.saude.mg.gov.br\/vacinacao\">link<\/a>.<\/p>\n<p>Por\u00e9m, como o Brasil \u00e9 um pa\u00eds de propor\u00e7\u00f5es continentais, muitas vezes podem ocorrer diferen\u00e7as epidemiol\u00f3gicas entre os estados que requerem cuidados especiais em rela\u00e7\u00e3o \u00e0 sa\u00fade.<\/p>\n<p>Moradores do estado do Rio de Janeiro, por exemplo, que n\u00e3o se vacinaram contra febre amarela devem, quando em deslocamento por regi\u00f5es end\u00eamicas, se vacinar contra a doen\u00e7a pelo menos 10 dias antes da viagem, que \u00e9 o tempo que a vacina leva para criar anticorpos e a pessoa ficar devidamente protegida. Quem tomou a vacina em algum momento da vida, n\u00e3o precisa de nova dose.<\/p>\n<p>Se o destino for para regi\u00f5es de turismo ecol\u00f3gico como cachoeiras, montanhas e rios tamb\u00e9m \u00e9 preciso verificar se a \u00e1rea oferece risco de febre amarela silvestre. Nesse caso, tamb\u00e9m \u00e9 importante vacinar antes da viagem.<\/p>\n<p>A vacina\u00e7\u00e3o de rotina para febre amarela \u00e9 ofertada em 19 estados: Acre, Amazonas, Amap\u00e1, Par\u00e1, Rond\u00f4nia, Roraima, Tocantins, Distrito Federal, Goi\u00e1s, Mato Grosso do Sul, Mato Grosso, Bahia, Maranh\u00e3o, Piau\u00ed, Minas Gerais, S\u00e3o Paulo, Paran\u00e1, Rio Grande do Sul e Santa Catarina.<\/p>\n<p>Nos estados da Bahia, Piau\u00ed, S\u00e3o Paulo, Paran\u00e1, Rio Grande do Sul e Santa Catarina a vacina\u00e7\u00e3o n\u00e3o ocorre em todos os munic\u00edpios. Confira aqui as regi\u00f5es com recomenda\u00e7\u00e3o sobre vacina\u00e7\u00e3o contra febre amarela.<\/p>\n<p>Neste ano, ap\u00f3s a situa\u00e7\u00e3o de surto da doen\u00e7a, o Minist\u00e9rio da Sa\u00fade determinou tamb\u00e9m a vacina\u00e7\u00e3o, de forma escalonada, da popula\u00e7\u00e3o do Rio de Janeiro e Esp\u00edrito Santo. Todas as pessoas que vivem nesses locais devem tomar uma dose da vacina ao longo da vida.<\/p>\n<p>O Minist\u00e9rio da Sa\u00fade tem enviado doses extras da vacina contra a febre amarela aos estados que est\u00e3o registrando casos suspeitos da doen\u00e7a, al\u00e9m de outros localizados na divisa com \u00e1reas que tenham notificado casos.<\/p>\n<p>Para mais informa\u00e7\u00f5es sobre a situa\u00e7\u00e3o da febre amarela no pa\u00eds, acesse o <a href=\"http:\/\/portalsaude.saude.gov.br\/index.php\/febre-amarela\">link<\/a>.<\/p>\n<p>Confira mais informa\u00e7\u00f5es sobre a sa\u00fade do viajante no <a href=\"http:\/\/www.saude.mg.gov.br\/component\/gmg\/page\/1649-viajante-saudavel-2017\">site<\/a>.<\/p>\n<p><img loading=\"lazy\" decoding=\"async\" class=\" size-full wp-image-76198\" src=\"http:\/\/diarioregionaljf.com.br\/wp-content\/uploads\/2017\/06\/diario-int-17230-1.png\" alt=\"viagem.png\" width=\"388\" height=\"591\" style=\"display: block; margin-left: auto; margin-right: auto;\" \/><\/p>\n<p>Fonte: Ag\u00eancia Minas<\/p>\n","protected":false},"excerpt":{"rendered":"<p>Com a chegada das f\u00e9rias, muita gente aproveita para viajar. Seja para fora do pa\u00eds, seja para aproveitar a diversidade das cidades brasileiras, o deslocamento de pessoas nos aeroportos e rodovi\u00e1rias tende a aumentar muito nesse per\u00edodo do ano. Mas antes de arrumar as malas, o viajante precisa estar atento \u00e0s exig\u00eancias de vacinas para [&hellip;]<\/p>\n","protected":false},"author":96,"featured_media":76197,"comment_status":"closed","ping_status":"closed","sticky":false,"template":"","format":"standard","meta":{"footnotes":""},"categories":[252],"tags":[],"class_list":["post-76199","post","type-post","status-publish","format-standard","has-post-thumbnail","hentry","category-regiao"],"_links":{"self":[{"href":"https:\/\/diarioregionaldigital.com.br\/index.php?rest_route=\/wp\/v2\/posts\/76199","targetHints":{"allow":["GET"]}}],"collection":[{"href":"https:\/\/diarioregionaldigital.com.br\/index.php?rest_route=\/wp\/v2\/posts"}],"about":[{"href":"https:\/\/diarioregionaldigital.com.br\/index.php?rest_route=\/wp\/v2\/types\/post"}],"author":[{"embeddable":true,"href":"https:\/\/diarioregionaldigital.com.br\/index.php?rest_route=\/wp\/v2\/users\/96"}],"replies":[{"embeddable":true,"href":"https:\/\/diarioregionaldigital.com.br\/index.php?rest_route=%2Fwp%2Fv2%2Fcomments&post=76199"}],"version-history":[{"count":0,"href":"https:\/\/diarioregionaldigital.com.br\/index.php?rest_route=\/wp\/v2\/posts\/76199\/revisions"}],"wp:featuredmedia":[{"embeddable":true,"href":"https:\/\/diarioregionaldigital.com.br\/index.php?rest_route=\/wp\/v2\/media\/76197"}],"wp:attachment":[{"href":"https:\/\/diarioregionaldigital.com.br\/index.php?rest_route=%2Fwp%2Fv2%2Fmedia&parent=76199"}],"wp:term":[{"taxonomy":"category","embeddable":true,"href":"https:\/\/diarioregionaldigital.com.br\/index.php?rest_route=%2Fwp%2Fv2%2Fcategories&post=76199"},{"taxonomy":"post_tag","embeddable":true,"href":"https:\/\/diarioregionaldigital.com.br\/index.php?rest_route=%2Fwp%2Fv2%2Ftags&post=76199"}],"curies":[{"name":"wp","href":"https:\/\/api.w.org\/{rel}","templated":true}]}}