{"id":76192,"date":"2017-06-28T18:12:16","date_gmt":"2017-06-28T21:12:16","guid":{"rendered":"http:\/\/diarioregionaljf.com.br\/2017\/06\/28\/representante-regional-de-minas-do-ministerio-da-cultura-visita-o-museu-mariano-procopio\/"},"modified":"2017-06-28T18:12:16","modified_gmt":"2017-06-28T21:12:16","slug":"representante-regional-de-minas-do-ministerio-da-cultura-visita-o-museu-mariano-procopio","status":"publish","type":"post","link":"https:\/\/diarioregionaldigital.com.br\/?p=76192","title":{"rendered":"Representante Regional de Minas do Minist\u00e9rio da Cultura visita o Museu Mariano Proc\u00f3pio"},"content":{"rendered":"<p>O chefe da Representa\u00e7\u00e3o Regional Minas Gerais do Minist\u00e9rio da Cultura (MinC) , An\u00edbal Macedo, em visita a Juiz de Fora, participou de v\u00e1rias atividades, entre elas, o encontro aberto \u00e0 classe art\u00edstica, aos produtores, aos conselheiros da \u00e1rea e aos consumidores de cultura de modo geral, para discuss\u00e3o sobre pol\u00edticas nacional e municipal de Cultura. Dentro da programa\u00e7\u00e3o, o Museu Mariano Proc\u00f3pio foi um dos locais escolhidos para a visita da equipe.<\/p>\n<p>Entre os 33 munic\u00edpios da regi\u00e3o, somente seis, incluindo Juiz de Fora, aderiram \u00e0 Pol\u00edtica Nacional de Cultura. A cidade \u00e9 uma das quatro de Minas a receber a representa\u00e7\u00e3o do MinC. Segundo An\u00edbal, os investimentos na cultura s\u00e3o fundamentais, tanto para o resgate de identidade quanto para a explora\u00e7\u00e3o das potencialidades tur\u00edsticas. \u201cO Museu nos mostra, exatamente, como a cultura e o turismo precisam se integrar, movimentando a sociedade no sentido de buscar sua hist\u00f3ria, inclusive com vi\u00e9s econ\u00f4mico\u201d.<\/p>\n<p>Fonte: Assessoria<\/p>\n","protected":false},"excerpt":{"rendered":"<p>O chefe da Representa\u00e7\u00e3o Regional Minas Gerais do Minist\u00e9rio da Cultura (MinC) , An\u00edbal Macedo, em visita a Juiz de Fora, participou de v\u00e1rias atividades, entre elas, o encontro aberto \u00e0 classe art\u00edstica, aos produtores, aos conselheiros da \u00e1rea e aos consumidores de cultura de modo geral, para discuss\u00e3o sobre pol\u00edticas nacional e municipal de [&hellip;]<\/p>\n","protected":false},"author":96,"featured_media":76191,"comment_status":"closed","ping_status":"closed","sticky":false,"template":"","format":"standard","meta":{"footnotes":""},"categories":[253],"tags":[],"class_list":["post-76192","post","type-post","status-publish","format-standard","has-post-thumbnail","hentry","category-cidade"],"_links":{"self":[{"href":"https:\/\/diarioregionaldigital.com.br\/index.php?rest_route=\/wp\/v2\/posts\/76192","targetHints":{"allow":["GET"]}}],"collection":[{"href":"https:\/\/diarioregionaldigital.com.br\/index.php?rest_route=\/wp\/v2\/posts"}],"about":[{"href":"https:\/\/diarioregionaldigital.com.br\/index.php?rest_route=\/wp\/v2\/types\/post"}],"author":[{"embeddable":true,"href":"https:\/\/diarioregionaldigital.com.br\/index.php?rest_route=\/wp\/v2\/users\/96"}],"replies":[{"embeddable":true,"href":"https:\/\/diarioregionaldigital.com.br\/index.php?rest_route=%2Fwp%2Fv2%2Fcomments&post=76192"}],"version-history":[{"count":0,"href":"https:\/\/diarioregionaldigital.com.br\/index.php?rest_route=\/wp\/v2\/posts\/76192\/revisions"}],"wp:featuredmedia":[{"embeddable":true,"href":"https:\/\/diarioregionaldigital.com.br\/index.php?rest_route=\/wp\/v2\/media\/76191"}],"wp:attachment":[{"href":"https:\/\/diarioregionaldigital.com.br\/index.php?rest_route=%2Fwp%2Fv2%2Fmedia&parent=76192"}],"wp:term":[{"taxonomy":"category","embeddable":true,"href":"https:\/\/diarioregionaldigital.com.br\/index.php?rest_route=%2Fwp%2Fv2%2Fcategories&post=76192"},{"taxonomy":"post_tag","embeddable":true,"href":"https:\/\/diarioregionaldigital.com.br\/index.php?rest_route=%2Fwp%2Fv2%2Ftags&post=76192"}],"curies":[{"name":"wp","href":"https:\/\/api.w.org\/{rel}","templated":true}]}}