{"id":76188,"date":"2017-06-28T17:52:24","date_gmt":"2017-06-28T20:52:24","guid":{"rendered":"http:\/\/diarioregionaljf.com.br\/2017\/06\/28\/portoes-da-praca-dos-tres-poderes-sao-fechados-pela-guarda-municipal\/"},"modified":"2017-06-28T17:52:24","modified_gmt":"2017-06-28T20:52:24","slug":"portoes-da-praca-dos-tres-poderes-sao-fechados-pela-guarda-municipal","status":"publish","type":"post","link":"https:\/\/diarioregionaldigital.com.br\/?p=76188","title":{"rendered":"Port\u00f5es da Pra\u00e7a dos Tr\u00eas Poderes s\u00e3o fechados pela Guarda Municipal"},"content":{"rendered":"<p>A Guarda Municipal (GM), com apoio da Empresa Municipal de Pavimenta\u00e7\u00e3o (Empav), fechou nessa ter\u00e7a-feira, 27, com cadeados, os port\u00f5es de acesso ao \u201cMonumento das Armas\u201d, na Pra\u00e7a dos Tr\u00eas Poderes, regi\u00e3o Central. A medida visa a prote\u00e7\u00e3o do patrim\u00f4nio da a\u00e7\u00e3o de vandalismo e do uso permanente por pessoas em situa\u00e7\u00e3o de rua. O fechamento foi poss\u00edvel ap\u00f3s solicita\u00e7\u00e3o da pr\u00f3pria GM, incumbida de monitorar o local com rondas peri\u00f3dicas.<\/p>\n<p>Desde novembro do ano passado, trabalho permanente na pra\u00e7a vem sendo feito, envolvendo as equipes de abordagem da Associa\u00e7\u00e3o Municipal de Apoio Comunit\u00e1rio (Amac), o Departamento Municipal de Limpeza Urbana (Demlurb), os fiscais de posturas da Secretaria de Atividades Urbanas (SAU), a GM e a Pol\u00edcia Militar (PMMG), visando oferecer aos cidad\u00e3os em situa\u00e7\u00e3o de rua a possibilidade de encaminhamento a servi\u00e7os assistenciais do munic\u00edpio. O trabalho se baseia na conversa\u00e7\u00e3o, uma vez que o indiv\u00edduo \u00e9 livre para aceitar ou n\u00e3o a ajuda. \u00c9 neste processo de contato, abordagem e defini\u00e7\u00e3o de procedimentos que a GM entra, assegurando a aproxima\u00e7\u00e3o dos profissionais, a razoabilidade entre as partes e a integridade f\u00edsica.<\/p>\n<p>A realidade da popula\u00e7\u00e3o em situa\u00e7\u00e3o de rua em Juiz de Fora \u00e9 enfrentada com a\u00e7\u00e3o efetiva. Uma rede de servi\u00e7os e de assist\u00eancia busca amparar, orientar e tentar tir\u00e1-la das ruas. Uma equipe multidisciplinar atua permanentemente em abordagens sistem\u00e1ticas, visitando abrigos improvisados e levando propostas de outras perspectivas para as pessoas.<\/p>\n<p>Fonte: Assessoria<\/p>\n","protected":false},"excerpt":{"rendered":"<p>A Guarda Municipal (GM), com apoio da Empresa Municipal de Pavimenta\u00e7\u00e3o (Empav), fechou nessa ter\u00e7a-feira, 27, com cadeados, os port\u00f5es de acesso ao \u201cMonumento das Armas\u201d, na Pra\u00e7a dos Tr\u00eas Poderes, regi\u00e3o Central. A medida visa a prote\u00e7\u00e3o do patrim\u00f4nio da a\u00e7\u00e3o de vandalismo e do uso permanente por pessoas em situa\u00e7\u00e3o de rua. O [&hellip;]<\/p>\n","protected":false},"author":96,"featured_media":76187,"comment_status":"closed","ping_status":"closed","sticky":false,"template":"","format":"standard","meta":{"footnotes":""},"categories":[253],"tags":[],"class_list":["post-76188","post","type-post","status-publish","format-standard","has-post-thumbnail","hentry","category-cidade"],"_links":{"self":[{"href":"https:\/\/diarioregionaldigital.com.br\/index.php?rest_route=\/wp\/v2\/posts\/76188","targetHints":{"allow":["GET"]}}],"collection":[{"href":"https:\/\/diarioregionaldigital.com.br\/index.php?rest_route=\/wp\/v2\/posts"}],"about":[{"href":"https:\/\/diarioregionaldigital.com.br\/index.php?rest_route=\/wp\/v2\/types\/post"}],"author":[{"embeddable":true,"href":"https:\/\/diarioregionaldigital.com.br\/index.php?rest_route=\/wp\/v2\/users\/96"}],"replies":[{"embeddable":true,"href":"https:\/\/diarioregionaldigital.com.br\/index.php?rest_route=%2Fwp%2Fv2%2Fcomments&post=76188"}],"version-history":[{"count":0,"href":"https:\/\/diarioregionaldigital.com.br\/index.php?rest_route=\/wp\/v2\/posts\/76188\/revisions"}],"wp:featuredmedia":[{"embeddable":true,"href":"https:\/\/diarioregionaldigital.com.br\/index.php?rest_route=\/wp\/v2\/media\/76187"}],"wp:attachment":[{"href":"https:\/\/diarioregionaldigital.com.br\/index.php?rest_route=%2Fwp%2Fv2%2Fmedia&parent=76188"}],"wp:term":[{"taxonomy":"category","embeddable":true,"href":"https:\/\/diarioregionaldigital.com.br\/index.php?rest_route=%2Fwp%2Fv2%2Fcategories&post=76188"},{"taxonomy":"post_tag","embeddable":true,"href":"https:\/\/diarioregionaldigital.com.br\/index.php?rest_route=%2Fwp%2Fv2%2Ftags&post=76188"}],"curies":[{"name":"wp","href":"https:\/\/api.w.org\/{rel}","templated":true}]}}