{"id":76168,"date":"2017-06-28T00:34:06","date_gmt":"2017-06-28T03:34:06","guid":{"rendered":"http:\/\/diarioregionaljf.com.br\/2017\/06\/28\/rede-recorre-do-arquivamento-do-pedido-de-cassacao-de-aecio-neves\/"},"modified":"2017-06-28T00:34:06","modified_gmt":"2017-06-28T03:34:06","slug":"rede-recorre-do-arquivamento-do-pedido-de-cassacao-de-aecio-neves","status":"publish","type":"post","link":"https:\/\/diarioregionaldigital.com.br\/?p=76168","title":{"rendered":"Rede recorre do arquivamento do pedido de cassa\u00e7\u00e3o de A\u00e9cio Neves"},"content":{"rendered":"<p>O l\u00edder da Rede Sustentabilidade (Rede) no Senado, Randolfe Rodrigues (AP), protocolou nessa ter\u00e7a-feira, 27, no Conselho de \u00c9tica da Casa recurso contra a decis\u00e3o do presidente do colegiado, senador Jo\u00e3o Alberto (PMDB-MA), de arquivar a representa\u00e7\u00e3o que pede a cassa\u00e7\u00e3o do mandato do senador afastado A\u00e9cio Neves (PSDB-MG).<\/p>\n<p>O recurso tamb\u00e9m \u00e9 assinado pelos senadores Jo\u00e3o Capiberibe (PSB-AP), Jos\u00e9 Pimentel (PT-CE), Pedro Chaves (PSC-MS), Lasier Martins (PSD-RS) e Ant\u00f4nio Carlos Valadares (PSB-SE), membros titulares do conselho. O regimento do Senado estabelece que os requerimentos contestando decis\u00f5es monocr\u00e1ticas devam ter, pelo menos, cinco assinaturas de apoio.<\/p>\n<p>A secretaria do Conselho de \u00c9tica informou que o senador Jo\u00e3o Alberto convocar\u00e1 reuni\u00e3o do colegiado com 48h de anteced\u00eancia para a vota\u00e7\u00e3o do recurso apresentado pela Rede. Se o plen\u00e1rio rejeitar o recurso, a representa\u00e7\u00e3o contra A\u00e9cio Neves ser\u00e1 arquivada definitivamente. Caso os membros do colegiado aprovem o pedido, a representa\u00e7\u00e3o ser\u00e1 admitida automaticamente e o presidente dever\u00e1 notificar o tucano para apresentar defesa pr\u00e9via no prazo de 10 dias \u00fateis.<\/p>\n<p>Na \u00faltima sexta-feira, 24, Jo\u00e3o Alberto decidiu, monocraticamente, arquivar a representa\u00e7\u00e3o da Rede contra A\u00e9cio Neves por considerar n\u00e3o haver provas contra o tucano. Na ocasi\u00e3o, o peemedebista maranhense justificou que \u201cfizeram uma grande arma\u00e7\u00e3o contra o senador A\u00e9cio\u201d.<\/p>\n<p>Fonte: Ag\u00eancia Brasil<\/p>\n","protected":false},"excerpt":{"rendered":"<p>O l\u00edder da Rede Sustentabilidade (Rede) no Senado, Randolfe Rodrigues (AP), protocolou nessa ter\u00e7a-feira, 27, no Conselho de \u00c9tica da Casa recurso contra a decis\u00e3o do presidente do colegiado, senador Jo\u00e3o Alberto (PMDB-MA), de arquivar a representa\u00e7\u00e3o que pede a cassa\u00e7\u00e3o do mandato do senador afastado A\u00e9cio Neves (PSDB-MG). O recurso tamb\u00e9m \u00e9 assinado pelos [&hellip;]<\/p>\n","protected":false},"author":96,"featured_media":76167,"comment_status":"closed","ping_status":"closed","sticky":false,"template":"","format":"standard","meta":{"footnotes":""},"categories":[254],"tags":[],"class_list":["post-76168","post","type-post","status-publish","format-standard","has-post-thumbnail","hentry","category-politica"],"_links":{"self":[{"href":"https:\/\/diarioregionaldigital.com.br\/index.php?rest_route=\/wp\/v2\/posts\/76168","targetHints":{"allow":["GET"]}}],"collection":[{"href":"https:\/\/diarioregionaldigital.com.br\/index.php?rest_route=\/wp\/v2\/posts"}],"about":[{"href":"https:\/\/diarioregionaldigital.com.br\/index.php?rest_route=\/wp\/v2\/types\/post"}],"author":[{"embeddable":true,"href":"https:\/\/diarioregionaldigital.com.br\/index.php?rest_route=\/wp\/v2\/users\/96"}],"replies":[{"embeddable":true,"href":"https:\/\/diarioregionaldigital.com.br\/index.php?rest_route=%2Fwp%2Fv2%2Fcomments&post=76168"}],"version-history":[{"count":0,"href":"https:\/\/diarioregionaldigital.com.br\/index.php?rest_route=\/wp\/v2\/posts\/76168\/revisions"}],"wp:featuredmedia":[{"embeddable":true,"href":"https:\/\/diarioregionaldigital.com.br\/index.php?rest_route=\/wp\/v2\/media\/76167"}],"wp:attachment":[{"href":"https:\/\/diarioregionaldigital.com.br\/index.php?rest_route=%2Fwp%2Fv2%2Fmedia&parent=76168"}],"wp:term":[{"taxonomy":"category","embeddable":true,"href":"https:\/\/diarioregionaldigital.com.br\/index.php?rest_route=%2Fwp%2Fv2%2Fcategories&post=76168"},{"taxonomy":"post_tag","embeddable":true,"href":"https:\/\/diarioregionaldigital.com.br\/index.php?rest_route=%2Fwp%2Fv2%2Ftags&post=76168"}],"curies":[{"name":"wp","href":"https:\/\/api.w.org\/{rel}","templated":true}]}}