{"id":76166,"date":"2017-06-28T00:29:55","date_gmt":"2017-06-28T03:29:55","guid":{"rendered":"http:\/\/diarioregionaljf.com.br\/2017\/06\/28\/presidente-do-senado-reune-parlamentares-para-discutir-reforma-politica\/"},"modified":"2017-06-28T00:29:55","modified_gmt":"2017-06-28T03:29:55","slug":"presidente-do-senado-reune-parlamentares-para-discutir-reforma-politica","status":"publish","type":"post","link":"https:\/\/diarioregionaldigital.com.br\/?p=76166","title":{"rendered":"Presidente do Senado re\u00fane parlamentares para discutir reforma pol\u00edtica"},"content":{"rendered":"<p>O presidente do Senado, Eun\u00edcio Oliveira, disse nessa ter\u00e7a-feira, 27, que n\u00e3o \u00e9 poss\u00edvel que as elei\u00e7\u00f5es de 2018 sejam realizadas sem que antes haja uma reforma pol\u00edtica. \u201cN\u00e3o temos ainda um modelo pol\u00edtico para a disputa das elei\u00e7\u00f5es de 2018. N\u00e3o \u00e9 poss\u00edvel irmos para o pleito com esse modelo antigo e arcaico de disputa, que deu errado e tumultuou a vida pol\u00edtica brasileira, numa posi\u00e7\u00e3o desconfort\u00e1vel\u201d, avaliou.<\/p>\n<p>O assunto foi um dos temas de um almo\u00e7o na resid\u00eancia oficial da presid\u00eancia do Senado, que reuniu nessa ter\u00e7a-feira l\u00edderes no Congresso. O presidente da C\u00e2mara dos Deputados, Rodrigo Maia, tamb\u00e9m participou do encontro. Eun\u00edcio Oliveira lembrou que o prazo para a aprova\u00e7\u00e3o da reforma pol\u00edtica est\u00e1 correndo e que as mudan\u00e7as s\u00f3 valer\u00e3o para as pr\u00f3ximas elei\u00e7\u00f5es se a reforma for aprovada antes de setembro deste ano.<\/p>\n<p>Sobre a den\u00fancia feita pelo procurador-geral da Rep\u00fablica, Rodrigo Janot, ao Supremo Tribunal Federal (STF), contra o presidente Michel Temer, Eun\u00edcio disse que \u00e9 preciso ter serenidade e que esse assunto cabe \u00e0 C\u00e2mara e ao Supremo Tribunal Federal. &#8220;O Senado n\u00e3o \u00e9 parte do processo&#8221;, afirmou.<\/p>\n<p>Ele tamb\u00e9m defendeu que independentemente da crise no Executivo, o Congresso Nacional continue trabalhando, com pauta pr\u00f3pria, na defesa dos interesses do Brasil e lembrou a vota\u00e7\u00e3o da reforma trabalhista (PLC 38\/2017) na CCJ da Casa, marcada para esta quarta-feira, 28. O presidente do Senado confirmou que a mat\u00e9ria, depois de votada na CCJ, seguir\u00e1 para o plen\u00e1rio, em regime de urg\u00eancia. &#8220;Precisamos nos lembrar dos mais de 14 milh\u00f5es de brasileiros que est\u00e3o desempregados e garantir trabalho aos jovens que v\u00e3o iniciar suas carreiras. N\u00e3o existe democracia sem pol\u00edtica\u201d, afirmou em defesa da proposta.<\/p>\n<p>Fonte: Ag\u00eancia Brasil<\/p>\n","protected":false},"excerpt":{"rendered":"<p>O presidente do Senado, Eun\u00edcio Oliveira, disse nessa ter\u00e7a-feira, 27, que n\u00e3o \u00e9 poss\u00edvel que as elei\u00e7\u00f5es de 2018 sejam realizadas sem que antes haja uma reforma pol\u00edtica. \u201cN\u00e3o temos ainda um modelo pol\u00edtico para a disputa das elei\u00e7\u00f5es de 2018. N\u00e3o \u00e9 poss\u00edvel irmos para o pleito com esse modelo antigo e arcaico de [&hellip;]<\/p>\n","protected":false},"author":96,"featured_media":76165,"comment_status":"closed","ping_status":"closed","sticky":false,"template":"","format":"standard","meta":{"footnotes":""},"categories":[254],"tags":[],"class_list":["post-76166","post","type-post","status-publish","format-standard","has-post-thumbnail","hentry","category-politica"],"_links":{"self":[{"href":"https:\/\/diarioregionaldigital.com.br\/index.php?rest_route=\/wp\/v2\/posts\/76166","targetHints":{"allow":["GET"]}}],"collection":[{"href":"https:\/\/diarioregionaldigital.com.br\/index.php?rest_route=\/wp\/v2\/posts"}],"about":[{"href":"https:\/\/diarioregionaldigital.com.br\/index.php?rest_route=\/wp\/v2\/types\/post"}],"author":[{"embeddable":true,"href":"https:\/\/diarioregionaldigital.com.br\/index.php?rest_route=\/wp\/v2\/users\/96"}],"replies":[{"embeddable":true,"href":"https:\/\/diarioregionaldigital.com.br\/index.php?rest_route=%2Fwp%2Fv2%2Fcomments&post=76166"}],"version-history":[{"count":0,"href":"https:\/\/diarioregionaldigital.com.br\/index.php?rest_route=\/wp\/v2\/posts\/76166\/revisions"}],"wp:featuredmedia":[{"embeddable":true,"href":"https:\/\/diarioregionaldigital.com.br\/index.php?rest_route=\/wp\/v2\/media\/76165"}],"wp:attachment":[{"href":"https:\/\/diarioregionaldigital.com.br\/index.php?rest_route=%2Fwp%2Fv2%2Fmedia&parent=76166"}],"wp:term":[{"taxonomy":"category","embeddable":true,"href":"https:\/\/diarioregionaldigital.com.br\/index.php?rest_route=%2Fwp%2Fv2%2Fcategories&post=76166"},{"taxonomy":"post_tag","embeddable":true,"href":"https:\/\/diarioregionaldigital.com.br\/index.php?rest_route=%2Fwp%2Fv2%2Ftags&post=76166"}],"curies":[{"name":"wp","href":"https:\/\/api.w.org\/{rel}","templated":true}]}}