{"id":76162,"date":"2017-06-28T00:05:32","date_gmt":"2017-06-28T03:05:32","guid":{"rendered":"http:\/\/diarioregionaljf.com.br\/2017\/06\/28\/veiculo-capota-na-br-116-e-passageira-fica-ferida\/"},"modified":"2017-06-28T00:05:32","modified_gmt":"2017-06-28T03:05:32","slug":"veiculo-capota-na-br-116-e-passageira-fica-ferida","status":"publish","type":"post","link":"https:\/\/diarioregionaldigital.com.br\/?p=76162","title":{"rendered":"Ve\u00edculo capota na BR-116 e passageira fica ferida"},"content":{"rendered":"<p>Uma pessoa ficou ferida em mais um capotamento ocorrido no km 680 da BR-116, entre os munic\u00edpios de Muria\u00e9 e Miradouro na tarde dessa ter\u00e7a-feira, 27. O local \u00e9 conhecido como \u201ccurva tombadeira\u201d por causa do alto \u00edndice de acidentes no local.<\/p>\n<p>A picape Strada, com dois ocupantes, seguia pela rodovia em dire\u00e7\u00e3o a Miradouro e capotou ao fazer a curva. O ve\u00edculo saiu da curva e parou tombado fora da pista em meio \u00e0 vegeta\u00e7\u00e3o. A roda dianteira direita foi arrancada durante o impacto.<\/p>\n<p>O condutor do autom\u00f3vel n\u00e3o sofreu ferimentos aparentes, no entanto a passageira foi socorrida com suspeita de fratura na costela e foi levada para o Hospital S\u00e3o Paulo em Muria\u00e9 por socorristas do SAMU.<\/p>\n<p>A Pol\u00edcia Rodovi\u00e1ria Federal (PRF) tamb\u00e9m foi acionada e ficou respons\u00e1vel pelo registro da ocorr\u00eancia.<\/p>\n<p>*Colabora\u00e7\u00e3o R\u00e1dio Muria\u00e9<\/p>\n","protected":false},"excerpt":{"rendered":"<p>Uma pessoa ficou ferida em mais um capotamento ocorrido no km 680 da BR-116, entre os munic\u00edpios de Muria\u00e9 e Miradouro na tarde dessa ter\u00e7a-feira, 27. O local \u00e9 conhecido como \u201ccurva tombadeira\u201d por causa do alto \u00edndice de acidentes no local. A picape Strada, com dois ocupantes, seguia pela rodovia em dire\u00e7\u00e3o a Miradouro [&hellip;]<\/p>\n","protected":false},"author":96,"featured_media":76161,"comment_status":"closed","ping_status":"closed","sticky":false,"template":"","format":"standard","meta":{"footnotes":""},"categories":[252],"tags":[],"class_list":["post-76162","post","type-post","status-publish","format-standard","has-post-thumbnail","hentry","category-regiao"],"_links":{"self":[{"href":"https:\/\/diarioregionaldigital.com.br\/index.php?rest_route=\/wp\/v2\/posts\/76162","targetHints":{"allow":["GET"]}}],"collection":[{"href":"https:\/\/diarioregionaldigital.com.br\/index.php?rest_route=\/wp\/v2\/posts"}],"about":[{"href":"https:\/\/diarioregionaldigital.com.br\/index.php?rest_route=\/wp\/v2\/types\/post"}],"author":[{"embeddable":true,"href":"https:\/\/diarioregionaldigital.com.br\/index.php?rest_route=\/wp\/v2\/users\/96"}],"replies":[{"embeddable":true,"href":"https:\/\/diarioregionaldigital.com.br\/index.php?rest_route=%2Fwp%2Fv2%2Fcomments&post=76162"}],"version-history":[{"count":0,"href":"https:\/\/diarioregionaldigital.com.br\/index.php?rest_route=\/wp\/v2\/posts\/76162\/revisions"}],"wp:featuredmedia":[{"embeddable":true,"href":"https:\/\/diarioregionaldigital.com.br\/index.php?rest_route=\/wp\/v2\/media\/76161"}],"wp:attachment":[{"href":"https:\/\/diarioregionaldigital.com.br\/index.php?rest_route=%2Fwp%2Fv2%2Fmedia&parent=76162"}],"wp:term":[{"taxonomy":"category","embeddable":true,"href":"https:\/\/diarioregionaldigital.com.br\/index.php?rest_route=%2Fwp%2Fv2%2Fcategories&post=76162"},{"taxonomy":"post_tag","embeddable":true,"href":"https:\/\/diarioregionaldigital.com.br\/index.php?rest_route=%2Fwp%2Fv2%2Ftags&post=76162"}],"curies":[{"name":"wp","href":"https:\/\/api.w.org\/{rel}","templated":true}]}}