{"id":76160,"date":"2017-06-28T00:03:33","date_gmt":"2017-06-28T03:03:33","guid":{"rendered":"http:\/\/diarioregionaljf.com.br\/2017\/06\/28\/prefeitura-e-camara-destinam-verbas-para-melhoria-da-policia-civil-de-muriae\/"},"modified":"2017-06-28T00:03:33","modified_gmt":"2017-06-28T03:03:33","slug":"prefeitura-e-camara-destinam-verbas-para-melhoria-da-policia-civil-de-muriae","status":"publish","type":"post","link":"https:\/\/diarioregionaldigital.com.br\/?p=76160","title":{"rendered":"Prefeitura e C\u00e2mara destinam verbas para melhoria da Pol\u00edcia Civil de Muria\u00e9"},"content":{"rendered":"<p>Durante entrevista concedida \u00e0 R\u00e1dio Muria\u00e9, nessa ter\u00e7a-feira, 27, o presidente da C\u00e2mara Municipal de Muria\u00e9, vereador Carlos Delfim, anunciou que R$180mil, que faz parte do Or\u00e7amento da Casa Legislativa e n\u00e3o foram gastos, ser\u00e3o entregues ao prefeito de Muria\u00e9, Grego. O vereador disse que parte deste valor ser\u00e1 investida em melhorias para a Pol\u00edcia Civil de Muria\u00e9.<\/p>\n<p>Delfim relatou que recentemente foi procurado pelo Delegado Respons\u00e1vel pela 4\u00aa Delegacia Regional de Pol\u00edcia Civil (DRPC), Alessandro da Matta, juntamente com o coordenador da Ag\u00eancia de Intelig\u00eancia, delegado Tayrony Sp\u00edndola, em busca de aux\u00edlio para melhorias na corpora\u00e7\u00e3o.<\/p>\n<p>Carlos Delfim disse que fez contato com o prefeito que prontificou a destinar R$19mil para aquisi\u00e7\u00e3o de novos equipamentos, atrav\u00e9s de licita\u00e7\u00e3o, visando a moderniza\u00e7\u00e3o da corpora\u00e7\u00e3o.<\/p>\n<p>*Colabora\u00e7\u00e3o R\u00e1dio Muria\u00e9<\/p>\n","protected":false},"excerpt":{"rendered":"<p>Durante entrevista concedida \u00e0 R\u00e1dio Muria\u00e9, nessa ter\u00e7a-feira, 27, o presidente da C\u00e2mara Municipal de Muria\u00e9, vereador Carlos Delfim, anunciou que R$180mil, que faz parte do Or\u00e7amento da Casa Legislativa e n\u00e3o foram gastos, ser\u00e3o entregues ao prefeito de Muria\u00e9, Grego. O vereador disse que parte deste valor ser\u00e1 investida em melhorias para a Pol\u00edcia [&hellip;]<\/p>\n","protected":false},"author":96,"featured_media":0,"comment_status":"closed","ping_status":"closed","sticky":false,"template":"","format":"standard","meta":{"footnotes":""},"categories":[252],"tags":[],"class_list":["post-76160","post","type-post","status-publish","format-standard","hentry","category-regiao"],"_links":{"self":[{"href":"https:\/\/diarioregionaldigital.com.br\/index.php?rest_route=\/wp\/v2\/posts\/76160","targetHints":{"allow":["GET"]}}],"collection":[{"href":"https:\/\/diarioregionaldigital.com.br\/index.php?rest_route=\/wp\/v2\/posts"}],"about":[{"href":"https:\/\/diarioregionaldigital.com.br\/index.php?rest_route=\/wp\/v2\/types\/post"}],"author":[{"embeddable":true,"href":"https:\/\/diarioregionaldigital.com.br\/index.php?rest_route=\/wp\/v2\/users\/96"}],"replies":[{"embeddable":true,"href":"https:\/\/diarioregionaldigital.com.br\/index.php?rest_route=%2Fwp%2Fv2%2Fcomments&post=76160"}],"version-history":[{"count":0,"href":"https:\/\/diarioregionaldigital.com.br\/index.php?rest_route=\/wp\/v2\/posts\/76160\/revisions"}],"wp:attachment":[{"href":"https:\/\/diarioregionaldigital.com.br\/index.php?rest_route=%2Fwp%2Fv2%2Fmedia&parent=76160"}],"wp:term":[{"taxonomy":"category","embeddable":true,"href":"https:\/\/diarioregionaldigital.com.br\/index.php?rest_route=%2Fwp%2Fv2%2Fcategories&post=76160"},{"taxonomy":"post_tag","embeddable":true,"href":"https:\/\/diarioregionaldigital.com.br\/index.php?rest_route=%2Fwp%2Fv2%2Ftags&post=76160"}],"curies":[{"name":"wp","href":"https:\/\/api.w.org\/{rel}","templated":true}]}}