{"id":76129,"date":"2017-06-27T18:50:48","date_gmt":"2017-06-27T21:50:48","guid":{"rendered":"http:\/\/diarioregionaljf.com.br\/2017\/06\/27\/programa-amplia-beneficios-para-jovens-mineiros-no-cadunico\/"},"modified":"2017-06-27T18:50:48","modified_gmt":"2017-06-27T21:50:48","slug":"programa-amplia-beneficios-para-jovens-mineiros-no-cadunico","status":"publish","type":"post","link":"https:\/\/diarioregionaldigital.com.br\/?p=76129","title":{"rendered":"Programa amplia benef\u00edcios para jovens mineiros no Cad\u00danico"},"content":{"rendered":"<p>Mais de um milh\u00e3o de jovens mineiros com idades entre 15 e 29 anos, que estejam cadastrados e atualizados no Cad\u00danico, poder\u00e3o ter acesso a benef\u00edcios como gratuidade do transporte interestadual de linha convencional e meia-entrada em eventos culturais e esportivos.<\/p>\n<p>Nessa segunda-feira, 26, foi lan\u00e7ado em Minas Gerais o programa ID Jovem, que regulamenta e assegura o acesso aos direitos \u00e0 cultura e \u00e0 mobilidade trazidos pelo Estatuto da Juventude.<\/p>\n<p>Criado em 2015, pelo Governo Federal, o programa ser\u00e1 coordenado em Minas pela Secretaria de Estado de Direitos Humanos, Participa\u00e7\u00e3o Social e Cidadania (Sedpac), por meio da Subsecretaria de Juventude.<\/p>\n<p>O ID Jovem tem como objetivo criar condi\u00e7\u00f5es para o efetivo acesso aos direitos pelos jovens de baixa renda, com a organiza\u00e7\u00e3o do cadastro de benefici\u00e1rios e o desenvolvimento de mecanismo de comprova\u00e7\u00e3o junto \u00e0s empresas e entidades prestadoras de servi\u00e7o.<\/p>\n<p>Para o superintendente de Articula\u00e7\u00e3o, da Subsecretaria de Juventude, Gustavo Aguiar, o ID Jovem \u00e9 uma conquista da juventude brasileira e o lan\u00e7amento em Minas Gerais \u00e9 um marco importante para que os jovens beneficiados tenham o direito \u00e0 cultura e mobilidade garantidas pelo Estatuto da Juventude.<\/p>\n<p>\u201cEm Minas Gerais a previs\u00e3o \u00e9 que cerca de 1,3 milh\u00e3o de jovens se beneficiem do programa e tenham acesso a meia-entrada em cinemas, teatros, shows e eventos esportivos e possam tamb\u00e9m realizar viagens interestaduais gratuitamente ou com 50% de desconto, com o devido agendamento pr\u00e9vio nas empresas de transporte\u201d, diz Aguiar.<\/p>\n<p>Para os jovens que se enquadram nos crit\u00e9rios do Programa, o cart\u00e3o ID Jovem virtual pode ser gerado ap\u00f3s a inclus\u00e3o e a valida\u00e7\u00e3o de dados pessoais pelo aplicativo para smartphones (APP) ou no site da Caixa Econ\u00f4mica Federal (www.caixa.gov.br), menu Benef\u00edcios e Programas.<\/p>\n<p>Fonte: Ag\u00eancia Minas<\/p>\n<p>&nbsp;<\/p>\n","protected":false},"excerpt":{"rendered":"<p>Mais de um milh\u00e3o de jovens mineiros com idades entre 15 e 29 anos, que estejam cadastrados e atualizados no Cad\u00danico, poder\u00e3o ter acesso a benef\u00edcios como gratuidade do transporte interestadual de linha convencional e meia-entrada em eventos culturais e esportivos. Nessa segunda-feira, 26, foi lan\u00e7ado em Minas Gerais o programa ID Jovem, que regulamenta [&hellip;]<\/p>\n","protected":false},"author":96,"featured_media":76128,"comment_status":"closed","ping_status":"closed","sticky":false,"template":"","format":"standard","meta":{"footnotes":""},"categories":[252],"tags":[],"class_list":["post-76129","post","type-post","status-publish","format-standard","has-post-thumbnail","hentry","category-regiao"],"_links":{"self":[{"href":"https:\/\/diarioregionaldigital.com.br\/index.php?rest_route=\/wp\/v2\/posts\/76129","targetHints":{"allow":["GET"]}}],"collection":[{"href":"https:\/\/diarioregionaldigital.com.br\/index.php?rest_route=\/wp\/v2\/posts"}],"about":[{"href":"https:\/\/diarioregionaldigital.com.br\/index.php?rest_route=\/wp\/v2\/types\/post"}],"author":[{"embeddable":true,"href":"https:\/\/diarioregionaldigital.com.br\/index.php?rest_route=\/wp\/v2\/users\/96"}],"replies":[{"embeddable":true,"href":"https:\/\/diarioregionaldigital.com.br\/index.php?rest_route=%2Fwp%2Fv2%2Fcomments&post=76129"}],"version-history":[{"count":0,"href":"https:\/\/diarioregionaldigital.com.br\/index.php?rest_route=\/wp\/v2\/posts\/76129\/revisions"}],"wp:featuredmedia":[{"embeddable":true,"href":"https:\/\/diarioregionaldigital.com.br\/index.php?rest_route=\/wp\/v2\/media\/76128"}],"wp:attachment":[{"href":"https:\/\/diarioregionaldigital.com.br\/index.php?rest_route=%2Fwp%2Fv2%2Fmedia&parent=76129"}],"wp:term":[{"taxonomy":"category","embeddable":true,"href":"https:\/\/diarioregionaldigital.com.br\/index.php?rest_route=%2Fwp%2Fv2%2Fcategories&post=76129"},{"taxonomy":"post_tag","embeddable":true,"href":"https:\/\/diarioregionaldigital.com.br\/index.php?rest_route=%2Fwp%2Fv2%2Ftags&post=76129"}],"curies":[{"name":"wp","href":"https:\/\/api.w.org\/{rel}","templated":true}]}}