{"id":76097,"date":"2017-06-26T23:16:16","date_gmt":"2017-06-27T02:16:16","guid":{"rendered":"http:\/\/diarioregionaljf.com.br\/2017\/06\/26\/motociclista-bate-em-outra-moto-e-atropela-pedestre-no-ipiranga\/"},"modified":"2017-06-26T23:16:16","modified_gmt":"2017-06-27T02:16:16","slug":"motociclista-bate-em-outra-moto-e-atropela-pedestre-no-ipiranga","status":"publish","type":"post","link":"https:\/\/diarioregionaldigital.com.br\/?p=76097","title":{"rendered":"Motociclista bate em outra moto e atropela pedestre no Ipiranga"},"content":{"rendered":"<p>Um motociclista de 35 anos e uma jovem de 24 anos ficaram feridos ap\u00f3s o condutor colidir com outra motocicleta na tarde dessa segunda-feira, 26, na Rua Darcy Vargas, situada no bairro Ipiranga, zona Sul.<\/p>\n<p>De acordo com as informa\u00e7\u00f5es da Central de Opera\u00e7\u00f5es da Pol\u00edcia Militar (Copom), os motociclistas seguiam sentido Centro- Ipiranga, quando o condutor, um jovem de 24 anos, iria fazer a convers\u00e3o para transitar em outra via, foi atingido pelo segundo motociclista na lateral do ve\u00edculo.<\/p>\n<p>Ap\u00f3s colidir, o motociclista seguiu em dire\u00e7\u00e3o a cal\u00e7ada e atingiu a pedestre. O Samu socorreu as duas v\u00edtimas, que foram encaminhadas ao Hospital de Pronto Socorro (HPS). O motociclista de 24 anos n\u00e3o se feriu. At\u00e9 a conclus\u00e3o do Registro de Evento de Defesa Social (Reds) e o fechamento desta edi\u00e7\u00e3o, n\u00e3o foi informado o estado de sa\u00fade das v\u00edtimas, pois elas ainda estavam sendo atendidas.<\/p>\n","protected":false},"excerpt":{"rendered":"<p>Um motociclista de 35 anos e uma jovem de 24 anos ficaram feridos ap\u00f3s o condutor colidir com outra motocicleta na tarde dessa segunda-feira, 26, na Rua Darcy Vargas, situada no bairro Ipiranga, zona Sul. De acordo com as informa\u00e7\u00f5es da Central de Opera\u00e7\u00f5es da Pol\u00edcia Militar (Copom), os motociclistas seguiam sentido Centro- Ipiranga, quando [&hellip;]<\/p>\n","protected":false},"author":96,"featured_media":0,"comment_status":"closed","ping_status":"closed","sticky":false,"template":"","format":"standard","meta":{"footnotes":""},"categories":[253],"tags":[],"class_list":["post-76097","post","type-post","status-publish","format-standard","hentry","category-cidade"],"_links":{"self":[{"href":"https:\/\/diarioregionaldigital.com.br\/index.php?rest_route=\/wp\/v2\/posts\/76097","targetHints":{"allow":["GET"]}}],"collection":[{"href":"https:\/\/diarioregionaldigital.com.br\/index.php?rest_route=\/wp\/v2\/posts"}],"about":[{"href":"https:\/\/diarioregionaldigital.com.br\/index.php?rest_route=\/wp\/v2\/types\/post"}],"author":[{"embeddable":true,"href":"https:\/\/diarioregionaldigital.com.br\/index.php?rest_route=\/wp\/v2\/users\/96"}],"replies":[{"embeddable":true,"href":"https:\/\/diarioregionaldigital.com.br\/index.php?rest_route=%2Fwp%2Fv2%2Fcomments&post=76097"}],"version-history":[{"count":0,"href":"https:\/\/diarioregionaldigital.com.br\/index.php?rest_route=\/wp\/v2\/posts\/76097\/revisions"}],"wp:attachment":[{"href":"https:\/\/diarioregionaldigital.com.br\/index.php?rest_route=%2Fwp%2Fv2%2Fmedia&parent=76097"}],"wp:term":[{"taxonomy":"category","embeddable":true,"href":"https:\/\/diarioregionaldigital.com.br\/index.php?rest_route=%2Fwp%2Fv2%2Fcategories&post=76097"},{"taxonomy":"post_tag","embeddable":true,"href":"https:\/\/diarioregionaldigital.com.br\/index.php?rest_route=%2Fwp%2Fv2%2Ftags&post=76097"}],"curies":[{"name":"wp","href":"https:\/\/api.w.org\/{rel}","templated":true}]}}