{"id":76088,"date":"2017-06-26T22:58:35","date_gmt":"2017-06-27T01:58:35","guid":{"rendered":"http:\/\/diarioregionaljf.com.br\/2017\/06\/26\/ufjf-abre-vagas-para-professor-substituto\/"},"modified":"2017-06-26T22:58:35","modified_gmt":"2017-06-27T01:58:35","slug":"ufjf-abre-vagas-para-professor-substituto","status":"publish","type":"post","link":"https:\/\/diarioregionaldigital.com.br\/?p=76088","title":{"rendered":"UFJF abre vagas para professor substituto"},"content":{"rendered":"<p>A Universidade Federal de Juiz de Fora (UFJF) lan\u00e7ou editais para processos seletivos destinados \u00e0 contrata\u00e7\u00e3o de professores substitutos. Ao todo, s\u00e3o 30 vagas para exerc\u00edcio na UFJF, nos campi de Juiz de Fora e de Governador Valadares, e no Col\u00e9gio de Aplica\u00e7\u00e3o Jo\u00e3o XXIII. As inscri\u00e7\u00f5es foram abertas nessa segunda-feira, 26 e podem ser feitas at\u00e9 a pr\u00f3xima sexta-feira, dia 30 de junho, das 9h \u00e0s 12h e das 13h \u00e0s 16h, em dias \u00fateis e pelo hor\u00e1rio de Bras\u00edlia.<\/p>\n<p>O edital de sele\u00e7\u00e3o para os campi de Juiz de Fora e Governador Valadares oferece 29 vagas. As inscri\u00e7\u00f5es podem ser efetuadas pessoalmente ou por terceiros diretamente nas secretarias das unidades acad\u00eamicas \u00e0s quais cada departamento est\u00e1 vinculado. As datas, hor\u00e1rios e locais das provas podem ser conferidos no Anexo I do edital, dispon\u00edvel em <a href=\"http:\/\/www.ufjf.br\/concurso\/files\/2017\/01\/Edital-09.2017-sele%C3%A7%C3%A3o-substituto1.pdf\">http:\/\/www.ufjf.br\/concurso\/files\/2017\/01\/Edital-09.2017-sele%C3%A7%C3%A3o-substituto1.pdf<\/a>.<\/p>\n<p>As vagas para o campus de Juiz de Fora s\u00e3o destinadas \u00e0s faculdades de Administra\u00e7\u00e3o e Ci\u00eancias Cont\u00e1beis (Departamento de Finan\u00e7as e Controladoria); Educa\u00e7\u00e3o; Enfermagem (Departamento de Enfermagem B\u00e1sica); Engenharia (Departamento de Mec\u00e2nica Aplicada e Computacional); Farm\u00e1cia (Departamento de Ci\u00eancias Farmac\u00eauticas). Tamb\u00e9m s\u00e3o contempladas as faculdades de Fisioterapia (Departamento de Fundamentos, M\u00e9todos e Recursos em Fisioterapia); Letras; Medicina (departamentos de Cl\u00ednica M\u00e9dica, Patologia, Sa\u00fade Coletiva, e Materno Infantil); Odontologia (Departamento de Odontologia Social e Infantil); Servi\u00e7o Social (Departamento de Fundamentos de Servi\u00e7o Social); Instituto de Artes e Design; e Instituto de Ci\u00eancias Humanas (Departamento de Hist\u00f3ria).<\/p>\n<p>Para o campus de Governador Valadares, ser\u00e3o abrangidos o Instituto de Ci\u00eancias da Vida (departamentos de Ci\u00eancias B\u00e1sicas da Vida, Educa\u00e7\u00e3o f\u00edsica e Farm\u00e1cia), e o Instituto de Ci\u00eancias Sociais Aplicadas (departamentos de Administra\u00e7\u00e3o, Ci\u00eancias Cont\u00e1beis e Direito).<\/p>\n<h4>VAGA PARA O COL\u00c9GIO JO\u00c3O XXIII<\/h4>\n<p>O edital de sele\u00e7\u00e3o de professor substituto para o Col\u00e9gio de Aplica\u00e7\u00e3o Jo\u00e3o XXII oferece uma vaga para atua\u00e7\u00e3o no Departamento de Educa\u00e7\u00e3o F\u00edsica. As inscri\u00e7\u00f5es podem ser feitas no pr\u00f3prio Col\u00e9gio (Rua Visconde de Mau\u00e1, 300, Santa Helena). As provas ter\u00e3o in\u00edcio no dia 2 de agosto, \u00e0s 8h, no Col\u00e9gio de Aplica\u00e7\u00e3o Jo\u00e3o XXIII.<\/p>\n<p>Interessados, podem conferir outras informa\u00e7\u00f5es no link http:\/\/www.ufjf.br\/concurso\/selecao-docentes-temporarios\/editais-2017\/<\/p>\n<p>Fonte: Assessoria<\/p>\n","protected":false},"excerpt":{"rendered":"<p>A Universidade Federal de Juiz de Fora (UFJF) lan\u00e7ou editais para processos seletivos destinados \u00e0 contrata\u00e7\u00e3o de professores substitutos. Ao todo, s\u00e3o 30 vagas para exerc\u00edcio na UFJF, nos campi de Juiz de Fora e de Governador Valadares, e no Col\u00e9gio de Aplica\u00e7\u00e3o Jo\u00e3o XXIII. As inscri\u00e7\u00f5es foram abertas nessa segunda-feira, 26 e podem ser [&hellip;]<\/p>\n","protected":false},"author":96,"featured_media":0,"comment_status":"closed","ping_status":"closed","sticky":false,"template":"","format":"standard","meta":{"footnotes":""},"categories":[280],"tags":[],"class_list":["post-76088","post","type-post","status-publish","format-standard","hentry","category-concurso"],"_links":{"self":[{"href":"https:\/\/diarioregionaldigital.com.br\/index.php?rest_route=\/wp\/v2\/posts\/76088","targetHints":{"allow":["GET"]}}],"collection":[{"href":"https:\/\/diarioregionaldigital.com.br\/index.php?rest_route=\/wp\/v2\/posts"}],"about":[{"href":"https:\/\/diarioregionaldigital.com.br\/index.php?rest_route=\/wp\/v2\/types\/post"}],"author":[{"embeddable":true,"href":"https:\/\/diarioregionaldigital.com.br\/index.php?rest_route=\/wp\/v2\/users\/96"}],"replies":[{"embeddable":true,"href":"https:\/\/diarioregionaldigital.com.br\/index.php?rest_route=%2Fwp%2Fv2%2Fcomments&post=76088"}],"version-history":[{"count":0,"href":"https:\/\/diarioregionaldigital.com.br\/index.php?rest_route=\/wp\/v2\/posts\/76088\/revisions"}],"wp:attachment":[{"href":"https:\/\/diarioregionaldigital.com.br\/index.php?rest_route=%2Fwp%2Fv2%2Fmedia&parent=76088"}],"wp:term":[{"taxonomy":"category","embeddable":true,"href":"https:\/\/diarioregionaldigital.com.br\/index.php?rest_route=%2Fwp%2Fv2%2Fcategories&post=76088"},{"taxonomy":"post_tag","embeddable":true,"href":"https:\/\/diarioregionaldigital.com.br\/index.php?rest_route=%2Fwp%2Fv2%2Ftags&post=76088"}],"curies":[{"name":"wp","href":"https:\/\/api.w.org\/{rel}","templated":true}]}}