{"id":76086,"date":"2017-06-26T22:24:42","date_gmt":"2017-06-27T01:24:42","guid":{"rendered":"http:\/\/diarioregionaljf.com.br\/2017\/06\/26\/natureza-fashion\/"},"modified":"2017-06-26T22:24:42","modified_gmt":"2017-06-27T01:24:42","slug":"natureza-fashion","status":"publish","type":"post","link":"https:\/\/diarioregionaldigital.com.br\/?p=76086","title":{"rendered":"Natureza Fashion"},"content":{"rendered":"<p style=\"text-align: center;\"><span class=\"h4\">Natureza Fashion<\/span><br \/>A semana est\u00e1 s\u00f3 come\u00e7ando, e que semana vir\u00e1. Por isso, melhor embelezar a coluna. O presidente Temer atendeu ao pedido da \u00fcbermodel Gisele Bundchen e vetou, em medidas provis\u00f3rias, artigos que permitiam desmatamentos na Amaz\u00f4nia. Melhor preservar mesmo.<\/p>\n<p style=\"text-align: center;\"><span class=\"h4\">Quem Ganhou?<\/span><br \/>Houve discuss\u00e3o em S\u00e3o Paulo para saber das duas grandes concentra\u00e7\u00f5es populares recentes que reuniu mais gente: a marcha organizada pelos evang\u00e9licos, ou a parada gay na Avenida Paulista. Tanto por dados avulsos, a parada gay ganhou disparado. Manteve-se como a maior do mundo, curiosamente, seu tema principal foi a defesa do Estado laico, totalmente oposto ao anseio dos evang\u00e9licos.<\/p>\n<p style=\"text-align: center;\"><span class=\"h4\">Situa\u00e7\u00e3o<\/span><br \/>Em tempo de crise econ\u00f4mica, deputados dizem que projeto do Minist\u00e9rio P\u00fablico estadual que acaba com 825 cargos efetivos e cria 800 para contrata\u00e7\u00f5es por indica\u00e7\u00e3o deve ser aprovado na Casa. O Sindicato dos Servidores do MP muito revoltado, quer barrar proposta antes da vota\u00e7\u00e3o e amea\u00e7a recorrer \u00e0 Justi\u00e7a.<\/p>\n<p style=\"text-align: center;\"><span class=\"h4\">Aplausos<\/span><br \/>Digno de todos os elogios, o secret\u00e1rio de Desenvolvimento Econ\u00f4mico, Trabalho e Turismo da PJF, Jo\u00e3o Matos foi agraciado com o Trof\u00e9u Tancredo Neves, em promo\u00e7\u00e3o do jornal \u201cEdi\u00e7\u00e3o do Brasil\u201d. A solenidade muito concorrida foi realizada no audit\u00f3rio do Tribunal de Contas do Estado de Minas Gerais.<\/p>\n<p style=\"text-align: center;\"><span class=\"h4\">Gastronomia<\/span><br \/>Virou mania de gente que gosta de uma boa gastronomia, ir ao Girassol Restaurante e Lanches. A comida caseira \u00e9 dos deuses e as atra\u00e7\u00f5es s\u00e3o os salgados, vitaminas, sucos e a\u00e7a\u00ed. Fica na rua Barbosa Lima, 301 com delivery pelo fone: 99977-8685.<\/p>\n<p style=\"text-align: center;\"><span class=\"h4\">Arte Total<\/span><br \/>O novo templo da arte em Juiz de Fora a Arteria na rua Oswaldo Aranha parte alta, al\u00e9m de apresentar shows, tem tamb\u00e9m sua Galeria de Arte. E foi l\u00e1 que a arquiteta Fernanda Nogueira e a \u2018designer\u2019 de interiores Rose Haddad inauguraram uma bela exposi\u00e7\u00e3o de suas pinturas. Os efeitos impactantes dos quadros remetem \u00e0 hist\u00f3ria de vida, personalidade e express\u00e3o pessoal.<\/p>\n<p style=\"text-align: center;\"><span class=\"h4\">Dica<\/span><br \/>Vem com refer\u00eancia 5 estrelas o Curso de Penteado com o cabeleireiro star Paulinho Honoratto. Ser\u00e1 nos dias 10 e 11 de julho, das 9h \u00e0s 17h, no RP Minas. Informa\u00e7\u00f5es: &nbsp;3212-5222 \/ 98845-4004.<\/p>\n<p style=\"text-align: center;\"><img decoding=\"async\" class=\" size-full wp-image-76078\" src=\"http:\/\/diarioregionaljf.com.br\/wp-content\/uploads\/2017\/06\/diario-int-17176-1.jpg\" alt=\"FOTOA.jpg\" width=\"680\" style=\"display: block; margin-left: auto; margin-right: auto;\" srcset=\"https:\/\/diarioregionaldigital.com.br\/wp-content\/uploads\/2017\/06\/diario-int-17176-1.jpg 680w, https:\/\/diarioregionaldigital.com.br\/wp-content\/uploads\/2017\/06\/diario-int-17176-1-300x199.jpg 300w, https:\/\/diarioregionaldigital.com.br\/wp-content\/uploads\/2017\/06\/diario-int-17176-1-360x238.jpg 360w\" sizes=\"(max-width: 680px) 100vw, 680px\" \/>Em evento de cabelos e beleza, no Ritz Hotel, Igor Ferreira, Mariana Noronha, Barbara Moreira, o coiffeur Paulinho Honoratto, Ana Mescolin e Marlon Jop<\/p>\n<p style=\"text-align: center;\"><img decoding=\"async\" class=\" size-full wp-image-76079\" src=\"http:\/\/diarioregionaljf.com.br\/wp-content\/uploads\/2017\/06\/diario-int-17176-2.jpg\" alt=\"FOTOB.jpg\" width=\"680\" style=\"display: block; margin-left: auto; margin-right: auto;\" srcset=\"https:\/\/diarioregionaldigital.com.br\/wp-content\/uploads\/2017\/06\/diario-int-17176-2.jpg 680w, https:\/\/diarioregionaldigital.com.br\/wp-content\/uploads\/2017\/06\/diario-int-17176-2-266x300.jpg 266w, https:\/\/diarioregionaldigital.com.br\/wp-content\/uploads\/2017\/06\/diario-int-17176-2-360x407.jpg 360w\" sizes=\"(max-width: 680px) 100vw, 680px\" \/>O colunista na \u00d3tica Juiz de Fora, com \u00f3culos Ray Ban e com a gerente linda Lenise Pires<\/p>\n<p style=\"text-align: center;\"><img decoding=\"async\" class=\" size-full wp-image-76080\" src=\"http:\/\/diarioregionaljf.com.br\/wp-content\/uploads\/2017\/06\/diario-int-17176-3.jpg\" alt=\"FOTOC.jpg\" width=\"680\" style=\"display: block; margin-left: auto; margin-right: auto;\" srcset=\"https:\/\/diarioregionaldigital.com.br\/wp-content\/uploads\/2017\/06\/diario-int-17176-3.jpg 680w, https:\/\/diarioregionaldigital.com.br\/wp-content\/uploads\/2017\/06\/diario-int-17176-3-300x169.jpg 300w, https:\/\/diarioregionaldigital.com.br\/wp-content\/uploads\/2017\/06\/diario-int-17176-3-360x202.jpg 360w\" sizes=\"(max-width: 680px) 100vw, 680px\" \/>Tendo JF ao fundo, eles s\u00e3o sucesso total, o designer Patrick Marocco e o fot\u00f3grafo Igor Oliveira<\/p>\n<p style=\"text-align: center;\"><img decoding=\"async\" class=\" size-full wp-image-76081\" src=\"http:\/\/diarioregionaljf.com.br\/wp-content\/uploads\/2017\/06\/diario-int-17176-4.jpg\" alt=\"FOTOD.jpg\" width=\"680\" style=\"display: block; margin-left: auto; margin-right: auto;\" srcset=\"https:\/\/diarioregionaldigital.com.br\/wp-content\/uploads\/2017\/06\/diario-int-17176-4.jpg 680w, https:\/\/diarioregionaldigital.com.br\/wp-content\/uploads\/2017\/06\/diario-int-17176-4-300x169.jpg 300w, https:\/\/diarioregionaldigital.com.br\/wp-content\/uploads\/2017\/06\/diario-int-17176-4-360x203.jpg 360w\" sizes=\"(max-width: 680px) 100vw, 680px\" \/>Em recente Festa Junina na Igreja de Francisco Bernardino para os surdos, os incans\u00e1veis Padre Carlos Jos\u00e9, Beth Talha e Flora Alves<\/p>\n<p style=\"text-align: center;\"><img decoding=\"async\" class=\" size-full wp-image-76082\" src=\"http:\/\/diarioregionaljf.com.br\/wp-content\/uploads\/2017\/06\/diario-int-17176-5.jpg\" alt=\"FOTOF.jpg\" width=\"680\" style=\"display: block; margin-left: auto; margin-right: auto;\" srcset=\"https:\/\/diarioregionaldigital.com.br\/wp-content\/uploads\/2017\/06\/diario-int-17176-5.jpg 680w, https:\/\/diarioregionaldigital.com.br\/wp-content\/uploads\/2017\/06\/diario-int-17176-5-300x199.jpg 300w, https:\/\/diarioregionaldigital.com.br\/wp-content\/uploads\/2017\/06\/diario-int-17176-5-360x238.jpg 360w\" sizes=\"(max-width: 680px) 100vw, 680px\" \/>Neuza Marsicano e Marc\u00edlio Gomes, no Alto dos Passos<\/p>\n<p style=\"text-align: center;\"><img decoding=\"async\" class=\" size-full wp-image-76083\" src=\"http:\/\/diarioregionaljf.com.br\/wp-content\/uploads\/2017\/06\/diario-int-17176-6.jpg\" alt=\"FOTOG.jpg\" width=\"680\" style=\"display: block; margin-left: auto; margin-right: auto;\" srcset=\"https:\/\/diarioregionaldigital.com.br\/wp-content\/uploads\/2017\/06\/diario-int-17176-6.jpg 680w, https:\/\/diarioregionaldigital.com.br\/wp-content\/uploads\/2017\/06\/diario-int-17176-6-300x199.jpg 300w, https:\/\/diarioregionaldigital.com.br\/wp-content\/uploads\/2017\/06\/diario-int-17176-6-360x238.jpg 360w\" sizes=\"(max-width: 680px) 100vw, 680px\" \/>No Teatro Solar lacrando, Isabella Stumpf (Miss Juiz de Fora), o engenheiro Ant\u00f4nio Naresi J\u00fanior e Lorena Rodrigues (Miss Minas Gerais)<\/p>\n<p style=\"text-align: center;\"><img decoding=\"async\" class=\" size-full wp-image-76084\" src=\"http:\/\/diarioregionaljf.com.br\/wp-content\/uploads\/2017\/06\/diario-int-17176-7.jpg\" alt=\"FOTOH.jpg\" width=\"680\" style=\"display: block; margin-left: auto; margin-right: auto;\" srcset=\"https:\/\/diarioregionaldigital.com.br\/wp-content\/uploads\/2017\/06\/diario-int-17176-7.jpg 680w, https:\/\/diarioregionaldigital.com.br\/wp-content\/uploads\/2017\/06\/diario-int-17176-7-266x300.jpg 266w, https:\/\/diarioregionaldigital.com.br\/wp-content\/uploads\/2017\/06\/diario-int-17176-7-360x407.jpg 360w\" sizes=\"(max-width: 680px) 100vw, 680px\" \/>No Village, o poder da beleza com a jornalista Cl\u00e1udia Oliveira<\/p>\n<p style=\"text-align: center;\"><img decoding=\"async\" class=\" size-full wp-image-76085\" src=\"http:\/\/diarioregionaljf.com.br\/wp-content\/uploads\/2017\/06\/diario-int-17176-8.jpg\" alt=\"AA.jpg\" width=\"680\" style=\"display: block; margin-left: auto; margin-right: auto;\" srcset=\"https:\/\/diarioregionaldigital.com.br\/wp-content\/uploads\/2017\/06\/diario-int-17176-8.jpg 680w, https:\/\/diarioregionaldigital.com.br\/wp-content\/uploads\/2017\/06\/diario-int-17176-8-300x169.jpg 300w, https:\/\/diarioregionaldigital.com.br\/wp-content\/uploads\/2017\/06\/diario-int-17176-8-360x203.jpg 360w\" sizes=\"(max-width: 680px) 100vw, 680px\" \/>Durante curso de cabelos na RPMinas, Adriano Pereira (coordenador art\u00edstico da Itallian Hair Tech), o t\u00e9cnico Rosenberg Frizeiro, Patric\u00edcia Ribeiro e Renato Neves<\/p>\n<p class=\"h4\" style=\"text-align: center;\">FOTOSS\u00cdNTESE<\/p>\n<p>Recebemos o carinho da presidente das Obras Sociais do Bom Pastor, Wanda Gontijo Siqueira, elogiando a cobertura do Ch\u00e1 Colonial e as bonitas fotos do meu irm\u00e3o Marc\u00edlio Gomes. Em dias t\u00e3o dif\u00edceis de agradecimento e gratid\u00e3o, ainda podemos acreditar que ainda existe pessoas boas.<\/p>\n<p>Para alegria da galera, o t\u00e9cnico Henrique Furtado renovou seu contrato com o JF V\u00f4lei novamente emprestados pelo Sada Cruzeiro.<\/p>\n<p>J\u00e1 foi inaugurado em Juiz de Fora o Curso de Urg\u00eancia e Emerg\u00eancia, liderado pelo m\u00e9dico H\u00e9lcio Levindo Coelho Neto. Na pauta, o cuidado no atendimento ao paciente cr\u00edtico.<\/p>\n<p>Nossos jovens atletas de Juiz de Fora sagraram-se campe\u00f5es da etapa dos Jimi, em Cataguases. Palmas para o handebol, futsal e basquete, que foram imbat\u00edveis.<\/p>\n<p>Aten\u00e7\u00e3o: mesas e cadeiras irregulares nas cal\u00e7adas, pode gerar multa para bares e dobrar chegando a R$4 mil. A PJF quer aumentar puni\u00e7\u00e3o para estabelecimentos infratores. Poderia aproveitar e multar tamb\u00e9m o som em \u00faltimo volume nos eventos da Pra\u00e7a Ant\u00f4nio Carlos. Estamos de olho!<\/p>\n<p>V\u00e1rios grupos de gente linda est\u00e3o se mobilizando para curtir o super-show Atento aos sinais do cantor Ney Matogrosso, dia 1\u00ba de julho, \u00e0s 22h30, no Capit\u00f3lio. A abertura da casa ser\u00e1 \u00e0s 21h.<\/p>\n<p>Localizada no Bairu, a Associa\u00e7\u00e3o Educacional Quintal M\u00e1gico recebeu R$13.991,80 doados pela Estapar, empresa que opera a \u00c1rea Azul Digital em Juiz de Fora, dentro da opera\u00e7\u00e3o Maio Amarelo.<\/p>\n<p>A pediatra M\u00e1rcia Mizray voltou de Florian\u00f3polis tecendo mil elogios ao Simp\u00f3sio brasileiro de Vacinas.<\/p>\n<p>Os Cavaleiros da Cultura liderados por Carlos Oscar Niemeyer j\u00e1 mobilizam os preparativos para a Festa Liter\u00e1ria de Rio Novo &#8211; (Fliminas) com abertura dia 17 de agosto.<\/p>\n<p>No dia 19 de agosto, o Terrazzo recebe o deslumbrante Miss Brasil Gay 2017.<\/p>\n<p>Para refletir: Nenhum de n\u00f3s \u00e9 t\u00e3o bom quanto todos n\u00f3s juntos. Bom dia Juiz de Fora.<\/p>\n","protected":false},"excerpt":{"rendered":"<p>Natureza FashionA semana est\u00e1 s\u00f3 come\u00e7ando, e que semana vir\u00e1. Por isso, melhor embelezar a coluna. O presidente Temer atendeu ao pedido da \u00fcbermodel Gisele Bundchen e vetou, em medidas provis\u00f3rias, artigos que permitiam desmatamentos na Amaz\u00f4nia. Melhor preservar mesmo. Quem Ganhou?Houve discuss\u00e3o em S\u00e3o Paulo para saber das duas grandes concentra\u00e7\u00f5es populares recentes que [&hellip;]<\/p>\n","protected":false},"author":96,"featured_media":76077,"comment_status":"closed","ping_status":"closed","sticky":false,"template":"","format":"standard","meta":{"footnotes":""},"categories":[264],"tags":[],"class_list":["post-76086","post","type-post","status-publish","format-standard","has-post-thumbnail","hentry","category-eduardo-gomes"],"_links":{"self":[{"href":"https:\/\/diarioregionaldigital.com.br\/index.php?rest_route=\/wp\/v2\/posts\/76086","targetHints":{"allow":["GET"]}}],"collection":[{"href":"https:\/\/diarioregionaldigital.com.br\/index.php?rest_route=\/wp\/v2\/posts"}],"about":[{"href":"https:\/\/diarioregionaldigital.com.br\/index.php?rest_route=\/wp\/v2\/types\/post"}],"author":[{"embeddable":true,"href":"https:\/\/diarioregionaldigital.com.br\/index.php?rest_route=\/wp\/v2\/users\/96"}],"replies":[{"embeddable":true,"href":"https:\/\/diarioregionaldigital.com.br\/index.php?rest_route=%2Fwp%2Fv2%2Fcomments&post=76086"}],"version-history":[{"count":0,"href":"https:\/\/diarioregionaldigital.com.br\/index.php?rest_route=\/wp\/v2\/posts\/76086\/revisions"}],"wp:featuredmedia":[{"embeddable":true,"href":"https:\/\/diarioregionaldigital.com.br\/index.php?rest_route=\/wp\/v2\/media\/76077"}],"wp:attachment":[{"href":"https:\/\/diarioregionaldigital.com.br\/index.php?rest_route=%2Fwp%2Fv2%2Fmedia&parent=76086"}],"wp:term":[{"taxonomy":"category","embeddable":true,"href":"https:\/\/diarioregionaldigital.com.br\/index.php?rest_route=%2Fwp%2Fv2%2Fcategories&post=76086"},{"taxonomy":"post_tag","embeddable":true,"href":"https:\/\/diarioregionaldigital.com.br\/index.php?rest_route=%2Fwp%2Fv2%2Ftags&post=76086"}],"curies":[{"name":"wp","href":"https:\/\/api.w.org\/{rel}","templated":true}]}}