{"id":76074,"date":"2017-06-26T21:51:07","date_gmt":"2017-06-27T00:51:07","guid":{"rendered":"http:\/\/diarioregionaljf.com.br\/2017\/06\/26\/stf-recebe-relatorio-final-e-pericia-da-pf-em-gravacao-entre-joesley-e-temer\/"},"modified":"2017-06-26T21:51:07","modified_gmt":"2017-06-27T00:51:07","slug":"stf-recebe-relatorio-final-e-pericia-da-pf-em-gravacao-entre-joesley-e-temer","status":"publish","type":"post","link":"https:\/\/diarioregionaldigital.com.br\/?p=76074","title":{"rendered":"STF recebe relat\u00f3rio final e per\u00edcia da PF em grava\u00e7\u00e3o entre Joesley e Temer"},"content":{"rendered":"<p>O Supremo Tribunal Federal (STF) recebeu nessa segunda-feira, 26, da Pol\u00edcia Federal (PF) o relat\u00f3rio final das investiga\u00e7\u00f5es e a per\u00edcia realizada no \u00e1udio da conversa gravada pelo empres\u00e1rio Joesley Batista com o presidente Michel Temer, em mar\u00e7o, no Pal\u00e1cio do Jaburu. A grava\u00e7\u00e3o foi entregue \u00e0 Procuradoria-Geral da Rep\u00fablica (PGR) pelo empres\u00e1rio da JBS antes da assinatura do acordo de dela\u00e7\u00e3o e faz parte das provas colhidas na investiga\u00e7\u00e3o sobre o presidente.<\/p>\n<p>Al\u00e9m da per\u00edcia, os delegados enviaram a \u00edntegra do relat\u00f3rio final sobre as investiga\u00e7\u00f5es envolvendo Michel Temer. As conclus\u00f5es da PF e o conte\u00fado do relat\u00f3rio ainda n\u00e3o foram divulgados pelo Supremo.<\/p>\n<p>A per\u00edcia na grava\u00e7\u00e3o foi solicitada pela defesa de Temer, no m\u00eas passado. Os advogados questionam no STF a legalidade da grava\u00e7\u00e3o e afirmam que h\u00e1 muitas contradi\u00e7\u00f5es no depoimento de Joesley Batista.<\/p>\n<p>Na semana passada, o ministro Edson Fachin, relator da investiga\u00e7\u00e3o sobre o presidente, abriu prazo para a PGR se manifestar sobre o inqu\u00e9rito aberto para investigar o presidente. Com a decis\u00e3o, a procuradoria tem at\u00e9 esta ter\u00e7a-feira, 27, para decidir sobre eventual den\u00fancia contra o presidente e outros citados nas investiga\u00e7\u00f5es, entre eles, o ex-deputado federal Rodrigo Rocha Loures (PMDB-PR).<\/p>\n<p>Fonte: Ag\u00eancia Brasil<\/p>\n","protected":false},"excerpt":{"rendered":"<p>O Supremo Tribunal Federal (STF) recebeu nessa segunda-feira, 26, da Pol\u00edcia Federal (PF) o relat\u00f3rio final das investiga\u00e7\u00f5es e a per\u00edcia realizada no \u00e1udio da conversa gravada pelo empres\u00e1rio Joesley Batista com o presidente Michel Temer, em mar\u00e7o, no Pal\u00e1cio do Jaburu. A grava\u00e7\u00e3o foi entregue \u00e0 Procuradoria-Geral da Rep\u00fablica (PGR) pelo empres\u00e1rio da JBS [&hellip;]<\/p>\n","protected":false},"author":96,"featured_media":76073,"comment_status":"closed","ping_status":"closed","sticky":false,"template":"","format":"standard","meta":{"footnotes":""},"categories":[254],"tags":[],"class_list":["post-76074","post","type-post","status-publish","format-standard","has-post-thumbnail","hentry","category-politica"],"_links":{"self":[{"href":"https:\/\/diarioregionaldigital.com.br\/index.php?rest_route=\/wp\/v2\/posts\/76074","targetHints":{"allow":["GET"]}}],"collection":[{"href":"https:\/\/diarioregionaldigital.com.br\/index.php?rest_route=\/wp\/v2\/posts"}],"about":[{"href":"https:\/\/diarioregionaldigital.com.br\/index.php?rest_route=\/wp\/v2\/types\/post"}],"author":[{"embeddable":true,"href":"https:\/\/diarioregionaldigital.com.br\/index.php?rest_route=\/wp\/v2\/users\/96"}],"replies":[{"embeddable":true,"href":"https:\/\/diarioregionaldigital.com.br\/index.php?rest_route=%2Fwp%2Fv2%2Fcomments&post=76074"}],"version-history":[{"count":0,"href":"https:\/\/diarioregionaldigital.com.br\/index.php?rest_route=\/wp\/v2\/posts\/76074\/revisions"}],"wp:featuredmedia":[{"embeddable":true,"href":"https:\/\/diarioregionaldigital.com.br\/index.php?rest_route=\/wp\/v2\/media\/76073"}],"wp:attachment":[{"href":"https:\/\/diarioregionaldigital.com.br\/index.php?rest_route=%2Fwp%2Fv2%2Fmedia&parent=76074"}],"wp:term":[{"taxonomy":"category","embeddable":true,"href":"https:\/\/diarioregionaldigital.com.br\/index.php?rest_route=%2Fwp%2Fv2%2Fcategories&post=76074"},{"taxonomy":"post_tag","embeddable":true,"href":"https:\/\/diarioregionaldigital.com.br\/index.php?rest_route=%2Fwp%2Fv2%2Ftags&post=76074"}],"curies":[{"name":"wp","href":"https:\/\/api.w.org\/{rel}","templated":true}]}}