{"id":76072,"date":"2017-06-26T21:48:35","date_gmt":"2017-06-27T00:48:35","guid":{"rendered":"http:\/\/diarioregionaljf.com.br\/2017\/06\/26\/plenario-ja-pode-votar-criacao-de-cargos-sem-concurso-no-ministerio-publico\/"},"modified":"2017-06-26T21:48:35","modified_gmt":"2017-06-27T00:48:35","slug":"plenario-ja-pode-votar-criacao-de-cargos-sem-concurso-no-ministerio-publico","status":"publish","type":"post","link":"https:\/\/diarioregionaldigital.com.br\/?p=76072","title":{"rendered":"Plen\u00e1rio j\u00e1 pode votar cria\u00e7\u00e3o de cargos sem concurso no Minist\u00e9rio P\u00fablico"},"content":{"rendered":"<p>J\u00e1 est\u00e1 pronto para vota\u00e7\u00e3o no Plen\u00e1rio da Assembleia Legislativa de Minas Gerais (ALMG), em 1\u00ba turno, o Projeto de Lei (PL) 4.361\/17, de autoria do procurador-geral de Justi\u00e7a, que altera o quadro de funcion\u00e1rios do Minist\u00e9rio P\u00fablico, substituindo cargos efetivos por cargos para nomea\u00e7\u00e3o sem concurso p\u00fablico.<\/p>\n<p>Nessa segunda-feira, 26, a Comiss\u00e3o de Fiscaliza\u00e7\u00e3o Financeira e Or\u00e7ament\u00e1ria (FFO) aprovou parecer favor\u00e1vel ao projeto, em 1\u00ba turno, com a emenda n\u00ba 1, da Comiss\u00e3o de Constitui\u00e7\u00e3o e Justi\u00e7a (CCJ). O relator foi o deputado C\u00e1ssio Soares (PSD). A emenda da CCJ apenas corrige um erro num\u00e9rico do texto.<\/p>\n<p>O projeto extingue 825 cargos efetivos de analista, 259 deles atualmente vagos e outros 566 a partir da vac\u00e2ncia. Cria, por outro lado, 800 cargos, sendo 150 de assessor de procurador e 650 de assessor de promotor, os quais ser\u00e3o providos na mesma propor\u00e7\u00e3o em que ocorrerem as vac\u00e2ncias dos cargos de analista.<\/p>\n<p>Os cargos de assessor ser\u00e3o ocupados por detentores de curso superior e por bachar\u00e9is em Direito, no caso do assessoramento direto na atividade jur\u00eddica. Os crit\u00e9rios para preenchimento, indica\u00e7\u00e3o e nomea\u00e7\u00e3o ser\u00e3o definidos em resolu\u00e7\u00e3o do procurador-geral de Justi\u00e7a.<\/p>\n<p>Outra medida prevista no projeto \u00e9 a amplia\u00e7\u00e3o do limite m\u00e1ximo de cargos de recrutamento amplo de 30% para 35% do total.<\/p>\n<p>Em seu relat\u00f3rio, o deputado C\u00e1ssio Soares destacou a an\u00e1lise do impacto financeiro da medida. A remunera\u00e7\u00e3o dos assessores de procurador e de promotor de Justi\u00e7a ser\u00e1, segundo o relat\u00f3rio, de R$6.404,13.<\/p>\n<p>\u201cO provimento dos 259 cargos hoje vagos acarretaria um impacto or\u00e7ament\u00e1rio anual de R$22,1 milh\u00f5es. Esse valor corresponde a 0,04% da Receita Corrente L\u00edquida do Estado (RCL)\u201d, informou o relator, acrescentando que, mesmo com esse acr\u00e9scimo, o percentual de despesa de pessoal sobre a RCL do Minist\u00e9rio P\u00fablico ainda ficaria em 1,9%, abaixo do limite de 2% determinado pela Lei Complementar Federal 101, de 2000, a Lei de Responsabilidade Fiscal (LRF).<\/p>\n<h4>ECONOMIA<\/h4>\n<p>O deputado C\u00e1ssio Soares destacou ainda que a tend\u00eancia \u00e9 de que haja uma redu\u00e7\u00e3o gradual da despesa com pessoal \u00e0 medida que os cargos de assessoria, cujos vencimentos s\u00e3o fixos, sejam providos com a vac\u00e2ncia dos cargos efetivos. \u201cTal redu\u00e7\u00e3o chegaria a 22,55% em um per\u00edodo de cinco anos e a 72,72% ao longo de 20 anos, constituindo uma medida efetiva para uma gest\u00e3o fiscal respons\u00e1vel\u201d, afirmou, em seu relat\u00f3rio.<\/p>\n<p>Fonte: Assessoria<\/p>\n","protected":false},"excerpt":{"rendered":"<p>J\u00e1 est\u00e1 pronto para vota\u00e7\u00e3o no Plen\u00e1rio da Assembleia Legislativa de Minas Gerais (ALMG), em 1\u00ba turno, o Projeto de Lei (PL) 4.361\/17, de autoria do procurador-geral de Justi\u00e7a, que altera o quadro de funcion\u00e1rios do Minist\u00e9rio P\u00fablico, substituindo cargos efetivos por cargos para nomea\u00e7\u00e3o sem concurso p\u00fablico. Nessa segunda-feira, 26, a Comiss\u00e3o de Fiscaliza\u00e7\u00e3o [&hellip;]<\/p>\n","protected":false},"author":96,"featured_media":76071,"comment_status":"closed","ping_status":"closed","sticky":false,"template":"","format":"standard","meta":{"footnotes":""},"categories":[254],"tags":[],"class_list":["post-76072","post","type-post","status-publish","format-standard","has-post-thumbnail","hentry","category-politica"],"_links":{"self":[{"href":"https:\/\/diarioregionaldigital.com.br\/index.php?rest_route=\/wp\/v2\/posts\/76072","targetHints":{"allow":["GET"]}}],"collection":[{"href":"https:\/\/diarioregionaldigital.com.br\/index.php?rest_route=\/wp\/v2\/posts"}],"about":[{"href":"https:\/\/diarioregionaldigital.com.br\/index.php?rest_route=\/wp\/v2\/types\/post"}],"author":[{"embeddable":true,"href":"https:\/\/diarioregionaldigital.com.br\/index.php?rest_route=\/wp\/v2\/users\/96"}],"replies":[{"embeddable":true,"href":"https:\/\/diarioregionaldigital.com.br\/index.php?rest_route=%2Fwp%2Fv2%2Fcomments&post=76072"}],"version-history":[{"count":0,"href":"https:\/\/diarioregionaldigital.com.br\/index.php?rest_route=\/wp\/v2\/posts\/76072\/revisions"}],"wp:featuredmedia":[{"embeddable":true,"href":"https:\/\/diarioregionaldigital.com.br\/index.php?rest_route=\/wp\/v2\/media\/76071"}],"wp:attachment":[{"href":"https:\/\/diarioregionaldigital.com.br\/index.php?rest_route=%2Fwp%2Fv2%2Fmedia&parent=76072"}],"wp:term":[{"taxonomy":"category","embeddable":true,"href":"https:\/\/diarioregionaldigital.com.br\/index.php?rest_route=%2Fwp%2Fv2%2Fcategories&post=76072"},{"taxonomy":"post_tag","embeddable":true,"href":"https:\/\/diarioregionaldigital.com.br\/index.php?rest_route=%2Fwp%2Fv2%2Ftags&post=76072"}],"curies":[{"name":"wp","href":"https:\/\/api.w.org\/{rel}","templated":true}]}}