{"id":76070,"date":"2017-06-26T21:44:18","date_gmt":"2017-06-27T00:44:18","guid":{"rendered":"http:\/\/diarioregionaljf.com.br\/2017\/06\/26\/mpf-pedira-aumento-de-pena-para-palocci-e-vaccari\/"},"modified":"2017-06-26T21:44:18","modified_gmt":"2017-06-27T00:44:18","slug":"mpf-pedira-aumento-de-pena-para-palocci-e-vaccari","status":"publish","type":"post","link":"https:\/\/diarioregionaldigital.com.br\/?p=76070","title":{"rendered":"MPF pedir\u00e1 aumento de pena para Palocci e Vaccari"},"content":{"rendered":"<p>A for\u00e7a-tarefa da Lava Jato no Minist\u00e9rio P\u00fablico Federal (MPF) anunciou que vai recorrer da senten\u00e7a publicada nessa segunda-feira, 26, pelo juiz Sergio Moro, que condenou o ex-ministro Antonio Palocci a mais de 12 anos de pris\u00e3o. Segundo nota emitida no fim da tarde dessa segunda, os procuradores j\u00e1 trabalham no recurso que ser\u00e1 enviado ao Tribunal Regional Federal da 4\u00aa Regi\u00e3o.<\/p>\n<p>O MPF pedir\u00e1 o aumento da pena de Palocci e do ex-tesoureiro do PT, Jo\u00e3o Vaccari Neto, que tamb\u00e9m foi condenado no mesmo processo. A for\u00e7a-tarefa tamb\u00e9m vai questionar a absolvi\u00e7\u00e3o de Branislav Kontic, assistente do ex-ministro, e o benef\u00edcio concedido por Moro ao ex-diretor da Petrobras Renato Duque que, segundo a senten\u00e7a, poder\u00e1 sair da pris\u00e3o ap\u00f3s cinco anos de reclus\u00e3o.<\/p>\n<p>A nota publicada pela Lava Jato, no entanto, destacou a import\u00e2ncia da condena\u00e7\u00e3o que, para os promotores, demonstra a \u201cpossibilidade de se conjugar efici\u00eancia e agilidade da presta\u00e7\u00e3o jurisdicional com a garantia de todos os direitos do acusado\u201d. A for\u00e7a-tarefa tamb\u00e9m ressaltou o compromisso de \u201ctrazer \u00e0 Justi\u00e7a a todos os investigados por corrup\u00e7\u00e3o cuja responsabilidade seja demonstrada, independentemente de partido ou ideologia\u201d.<\/p>\n<p>Fonte: Ag\u00eancia Brasil<\/p>\n","protected":false},"excerpt":{"rendered":"<p>A for\u00e7a-tarefa da Lava Jato no Minist\u00e9rio P\u00fablico Federal (MPF) anunciou que vai recorrer da senten\u00e7a publicada nessa segunda-feira, 26, pelo juiz Sergio Moro, que condenou o ex-ministro Antonio Palocci a mais de 12 anos de pris\u00e3o. Segundo nota emitida no fim da tarde dessa segunda, os procuradores j\u00e1 trabalham no recurso que ser\u00e1 enviado [&hellip;]<\/p>\n","protected":false},"author":96,"featured_media":76069,"comment_status":"closed","ping_status":"closed","sticky":false,"template":"","format":"standard","meta":{"footnotes":""},"categories":[254],"tags":[],"class_list":["post-76070","post","type-post","status-publish","format-standard","has-post-thumbnail","hentry","category-politica"],"_links":{"self":[{"href":"https:\/\/diarioregionaldigital.com.br\/index.php?rest_route=\/wp\/v2\/posts\/76070","targetHints":{"allow":["GET"]}}],"collection":[{"href":"https:\/\/diarioregionaldigital.com.br\/index.php?rest_route=\/wp\/v2\/posts"}],"about":[{"href":"https:\/\/diarioregionaldigital.com.br\/index.php?rest_route=\/wp\/v2\/types\/post"}],"author":[{"embeddable":true,"href":"https:\/\/diarioregionaldigital.com.br\/index.php?rest_route=\/wp\/v2\/users\/96"}],"replies":[{"embeddable":true,"href":"https:\/\/diarioregionaldigital.com.br\/index.php?rest_route=%2Fwp%2Fv2%2Fcomments&post=76070"}],"version-history":[{"count":0,"href":"https:\/\/diarioregionaldigital.com.br\/index.php?rest_route=\/wp\/v2\/posts\/76070\/revisions"}],"wp:featuredmedia":[{"embeddable":true,"href":"https:\/\/diarioregionaldigital.com.br\/index.php?rest_route=\/wp\/v2\/media\/76069"}],"wp:attachment":[{"href":"https:\/\/diarioregionaldigital.com.br\/index.php?rest_route=%2Fwp%2Fv2%2Fmedia&parent=76070"}],"wp:term":[{"taxonomy":"category","embeddable":true,"href":"https:\/\/diarioregionaldigital.com.br\/index.php?rest_route=%2Fwp%2Fv2%2Fcategories&post=76070"},{"taxonomy":"post_tag","embeddable":true,"href":"https:\/\/diarioregionaldigital.com.br\/index.php?rest_route=%2Fwp%2Fv2%2Ftags&post=76070"}],"curies":[{"name":"wp","href":"https:\/\/api.w.org\/{rel}","templated":true}]}}