{"id":76068,"date":"2017-06-26T21:38:26","date_gmt":"2017-06-27T00:38:26","guid":{"rendered":"http:\/\/diarioregionaljf.com.br\/2017\/06\/26\/facebook-microsoft-twitter-e-youtube-lancam-grupo-de-combate-ao-terrorismo\/"},"modified":"2017-06-26T21:38:26","modified_gmt":"2017-06-27T00:38:26","slug":"facebook-microsoft-twitter-e-youtube-lancam-grupo-de-combate-ao-terrorismo","status":"publish","type":"post","link":"https:\/\/diarioregionaldigital.com.br\/?p=76068","title":{"rendered":"Facebook, Microsoft, Twitter e YouTube lan\u00e7am grupo de combate ao terrorismo"},"content":{"rendered":"<p>As empresas de tecnologia da informa\u00e7\u00e3o Facebook, Microsoft, Twitter e YouTube anunciaram nessa segunda-feira, 26, que formaram um grupo para combater o terrorismo por meio de um trabalho conjunto, da promo\u00e7\u00e3o de pesquisas e da colabora\u00e7\u00e3o com outras organiza\u00e7\u00f5es e institui\u00e7\u00f5es. A informa\u00e7\u00e3o \u00e9 da ag\u00eancia EFE.<\/p>\n<p>A coaliz\u00e3o empresarial, chamada F\u00f3rum Global da Internet para Combater o Terrorismo (Global Internet Forum to Counter Terrorism), ajudar\u00e1 a transformar as quatro empresas em espa\u00e7os &#8220;hostis aos terroristas e aos extremistas violentos&#8221;, afirmaram fontes do Twitter e do YouTube em diferentes comunicados postados em seus blogs corporativos.<\/p>\n<p>O novo grupo desenvolver\u00e1 seu trabalho a partir de iniciativas como o F\u00f3rum Europeu de Internet ou a base de dados compartilhada de &#8220;hashes&#8221; (impress\u00f5es digitais espec\u00edficas de cada arquivo) que seus integrantes desenvolveram em dezembro do ano passado.<\/p>\n<p>&#8220;A propaga\u00e7\u00e3o do terrorismo e do extremismo violento \u00e9 um problema global e um desafio crucial para todos n\u00f3s&#8221;, indicou o f\u00f3rum, que ressaltou que as suas &#8220;pol\u00edticas e pr\u00e1ticas de elimina\u00e7\u00e3o&#8221; de conte\u00fados extremistas mostram &#8220;posturas firmes&#8221;.<\/p>\n<h4>MAIOR IMPACTO<\/h4>\n<p>&#8220;Acreditemos que trabalhando lado a lado e compartilhando os melhores elementos tecnol\u00f3gicos e operacionais dos nossos esfor\u00e7os individuais, podemos ter um maior impacto sobre a amea\u00e7a do conte\u00fado terrorista na rede&#8221;, declararam.<\/p>\n<p>Ainda que o campo de a\u00e7\u00e3o do F\u00f3rum Global possa variar em fun\u00e7\u00e3o das sempre &#8220;mut\u00e1veis t\u00e1ticas de terrorismo e extremismo&#8221;, o mesmo se centrar\u00e1 essencialmente em fornecer solu\u00e7\u00f5es tecnol\u00f3gicas, promover a pesquisa e compartilhar conhecimentos sobre o assunto.<\/p>\n<p>As empresas planejam trocar experi\u00eancias, desenvolver t\u00e9cnicas de detec\u00e7\u00e3o e classifica\u00e7\u00e3o de conte\u00fados sens\u00edveis e definir m\u00e9todos de aviso transparente para sua elimina\u00e7\u00e3o. A investiga\u00e7\u00e3o que a coaliz\u00e3o de empresas promover\u00e1 tem por objetivo nutrir as iniciativas destinadas a restringir discursos terroristas ou extremistas, bem como dar fundo \u00e0s decis\u00f5es t\u00e9cnicas ou de pol\u00edticas que girem em torno da elimina\u00e7\u00e3o desses conte\u00fados.<\/p>\n<p>O grupo compartilhar\u00e1 informa\u00e7\u00e3o com especialistas em contraterrorismo, e tamb\u00e9m com governos, grupos civis, institui\u00e7\u00f5es acad\u00eamicas e empresas, para &#8220;aprender lado a lado sobre o assunto&#8221;. Neste sentido, estabelecer\u00e1 uma rede de interc\u00e2mbio de colabora\u00e7\u00e3o com o Escrit\u00f3rio de Contraterrorismo do Conselho de Seguran\u00e7a da ONU e da iniciativa ICT4Peace [ONG voltada para a prote\u00e7\u00e3o da dignidade humana atrav\u00e9s da Tecnologia da Informa\u00e7\u00e3o e Comunica\u00e7\u00e3o \u2013 ICT].<\/p>\n<p>Junto a estas duas organiza\u00e7\u00f5es, o F\u00f3rum Global da Internet para Combater o Terrorismo anunciou que promover\u00e1 uma s\u00e9rie de oficinas de aprendizagem no Vale do Sil\u00edcio (EUA) e outros locais.<\/p>\n<p>As quatro empresas l\u00edderes da internet aproveitar\u00e3o tamb\u00e9m suas iniciativas existentes destinadas a combater os discursos de \u00f3dio na rede mundial para &#8220;empoderar e formar organiza\u00e7\u00f5es civis ou indiv\u00edduos que possam dedicar-se a um trabalho similar&#8221;.<\/p>\n<p>Fonte: Ag\u00eancia Brasil<\/p>\n","protected":false},"excerpt":{"rendered":"<p>As empresas de tecnologia da informa\u00e7\u00e3o Facebook, Microsoft, Twitter e YouTube anunciaram nessa segunda-feira, 26, que formaram um grupo para combater o terrorismo por meio de um trabalho conjunto, da promo\u00e7\u00e3o de pesquisas e da colabora\u00e7\u00e3o com outras organiza\u00e7\u00f5es e institui\u00e7\u00f5es. A informa\u00e7\u00e3o \u00e9 da ag\u00eancia EFE. A coaliz\u00e3o empresarial, chamada F\u00f3rum Global da Internet [&hellip;]<\/p>\n","protected":false},"author":96,"featured_media":76067,"comment_status":"closed","ping_status":"closed","sticky":false,"template":"","format":"standard","meta":{"footnotes":""},"categories":[254],"tags":[],"class_list":["post-76068","post","type-post","status-publish","format-standard","has-post-thumbnail","hentry","category-politica"],"_links":{"self":[{"href":"https:\/\/diarioregionaldigital.com.br\/index.php?rest_route=\/wp\/v2\/posts\/76068","targetHints":{"allow":["GET"]}}],"collection":[{"href":"https:\/\/diarioregionaldigital.com.br\/index.php?rest_route=\/wp\/v2\/posts"}],"about":[{"href":"https:\/\/diarioregionaldigital.com.br\/index.php?rest_route=\/wp\/v2\/types\/post"}],"author":[{"embeddable":true,"href":"https:\/\/diarioregionaldigital.com.br\/index.php?rest_route=\/wp\/v2\/users\/96"}],"replies":[{"embeddable":true,"href":"https:\/\/diarioregionaldigital.com.br\/index.php?rest_route=%2Fwp%2Fv2%2Fcomments&post=76068"}],"version-history":[{"count":0,"href":"https:\/\/diarioregionaldigital.com.br\/index.php?rest_route=\/wp\/v2\/posts\/76068\/revisions"}],"wp:featuredmedia":[{"embeddable":true,"href":"https:\/\/diarioregionaldigital.com.br\/index.php?rest_route=\/wp\/v2\/media\/76067"}],"wp:attachment":[{"href":"https:\/\/diarioregionaldigital.com.br\/index.php?rest_route=%2Fwp%2Fv2%2Fmedia&parent=76068"}],"wp:term":[{"taxonomy":"category","embeddable":true,"href":"https:\/\/diarioregionaldigital.com.br\/index.php?rest_route=%2Fwp%2Fv2%2Fcategories&post=76068"},{"taxonomy":"post_tag","embeddable":true,"href":"https:\/\/diarioregionaldigital.com.br\/index.php?rest_route=%2Fwp%2Fv2%2Ftags&post=76068"}],"curies":[{"name":"wp","href":"https:\/\/api.w.org\/{rel}","templated":true}]}}