{"id":76063,"date":"2017-06-26T21:19:17","date_gmt":"2017-06-27T00:19:17","guid":{"rendered":"http:\/\/diarioregionaljf.com.br\/2017\/06\/26\/vereadora-propoe-recompensas-para-empresas-que-auxiliarem-mulheres\/"},"modified":"2017-06-26T21:19:17","modified_gmt":"2017-06-27T00:19:17","slug":"vereadora-propoe-recompensas-para-empresas-que-auxiliarem-mulheres","status":"publish","type":"post","link":"https:\/\/diarioregionaldigital.com.br\/?p=76063","title":{"rendered":"Vereadora prop\u00f5e recompensas para empresas que auxiliarem mulheres"},"content":{"rendered":"<p>Com o objetivo de dar aux\u00edlio e inserir as mulheres v\u00edtimas de viol\u00eancia domestica a vida em sociedade, a vereadora Sheila Oliveira (PTC) apresentou o programa \u201cSelo Empresa amiga da Fam\u00edlia\u201d. \u201cA ideia central \u00e9 a quest\u00e3o da viol\u00eancia contra a mulher. Sabemos boa parte das mulheres v\u00edtimas de viol\u00eancia dom\u00e9stica, n\u00e3o denunciam, ou quando denunciam, n\u00e3o d\u00e3o andamento \u00e0s investiga\u00e7\u00f5es, geralmente, pela depend\u00eancia econ\u00f4mica do parceiro. Para tentar suavizar esses problemas, incluir as mulheres no mercado de trabalho, que \u00e0s vezes est\u00e3o impedidas pelos pr\u00f3prios parceiros, criamos este selo\u201d, explicou a vereadora.<\/p>\n<p>A proposta \u00e9 que o programa funcione por meio de ades\u00e3o. De acordo com Sheila, as empresas que ofertarem empregos, cursos de capacita\u00e7\u00e3o, transporte de bens m\u00f3veis em casos de mudan\u00e7a de endere\u00e7o, loca\u00e7\u00e3o de casas com menos burocracia e fornecimento de alimentos b\u00e1sicos para as mulheres, ganhar\u00e3o o selo e receber\u00e3o benef\u00edcios a dentro do munic\u00edpio. \u201cA finalidade \u00e9 criar um incentivo \u00e0 iniciativa privada que queira se sensibilizar com a causa\u201d, refor\u00e7ou Sheila.<\/p>\n<p>Para receber o direito, as mulheres que j\u00e1 s\u00e3o atendidas pela Casa da Mulher, passar\u00e3o pela avalia\u00e7\u00e3o do \u00f3rg\u00e3o e quando estiverem aptas para fazer parte do programa, elas ser\u00e3o encaminhadas aos estabelecimentos. \u201cQuando a coordena\u00e7\u00e3o verificar a possibilidade de encaminhar essas mulheres, ser\u00e1 emitida uma carta para participa\u00e7\u00e3o no programa e, surgindo \u00e0 vaga na empresa, e a mulher sendo contratada ou beneficiada, a entidade recebe o selo\u201d, acrescentou a vereadora.<\/p>\n<p>A proposta foi apresentada e encaminhada para aprova\u00e7\u00e3o das comiss\u00f5es. Sendo aprovada, vai para vota\u00e7\u00e3o no plen\u00e1rio da C\u00e2mara Municipal.<\/p>\n","protected":false},"excerpt":{"rendered":"<p>Com o objetivo de dar aux\u00edlio e inserir as mulheres v\u00edtimas de viol\u00eancia domestica a vida em sociedade, a vereadora Sheila Oliveira (PTC) apresentou o programa \u201cSelo Empresa amiga da Fam\u00edlia\u201d. \u201cA ideia central \u00e9 a quest\u00e3o da viol\u00eancia contra a mulher. Sabemos boa parte das mulheres v\u00edtimas de viol\u00eancia dom\u00e9stica, n\u00e3o denunciam, ou quando [&hellip;]<\/p>\n","protected":false},"author":96,"featured_media":76062,"comment_status":"closed","ping_status":"closed","sticky":false,"template":"","format":"standard","meta":{"footnotes":""},"categories":[254],"tags":[],"class_list":["post-76063","post","type-post","status-publish","format-standard","has-post-thumbnail","hentry","category-politica"],"_links":{"self":[{"href":"https:\/\/diarioregionaldigital.com.br\/index.php?rest_route=\/wp\/v2\/posts\/76063","targetHints":{"allow":["GET"]}}],"collection":[{"href":"https:\/\/diarioregionaldigital.com.br\/index.php?rest_route=\/wp\/v2\/posts"}],"about":[{"href":"https:\/\/diarioregionaldigital.com.br\/index.php?rest_route=\/wp\/v2\/types\/post"}],"author":[{"embeddable":true,"href":"https:\/\/diarioregionaldigital.com.br\/index.php?rest_route=\/wp\/v2\/users\/96"}],"replies":[{"embeddable":true,"href":"https:\/\/diarioregionaldigital.com.br\/index.php?rest_route=%2Fwp%2Fv2%2Fcomments&post=76063"}],"version-history":[{"count":0,"href":"https:\/\/diarioregionaldigital.com.br\/index.php?rest_route=\/wp\/v2\/posts\/76063\/revisions"}],"wp:featuredmedia":[{"embeddable":true,"href":"https:\/\/diarioregionaldigital.com.br\/index.php?rest_route=\/wp\/v2\/media\/76062"}],"wp:attachment":[{"href":"https:\/\/diarioregionaldigital.com.br\/index.php?rest_route=%2Fwp%2Fv2%2Fmedia&parent=76063"}],"wp:term":[{"taxonomy":"category","embeddable":true,"href":"https:\/\/diarioregionaldigital.com.br\/index.php?rest_route=%2Fwp%2Fv2%2Fcategories&post=76063"},{"taxonomy":"post_tag","embeddable":true,"href":"https:\/\/diarioregionaldigital.com.br\/index.php?rest_route=%2Fwp%2Fv2%2Ftags&post=76063"}],"curies":[{"name":"wp","href":"https:\/\/api.w.org\/{rel}","templated":true}]}}