{"id":76059,"date":"2017-06-26T21:03:31","date_gmt":"2017-06-27T00:03:31","guid":{"rendered":"http:\/\/diarioregionaljf.com.br\/2017\/06\/26\/aumenta-o-numero-de-cheques-devolvidos-por-falta-de-fundos\/"},"modified":"2017-06-26T21:03:31","modified_gmt":"2017-06-27T00:03:31","slug":"aumenta-o-numero-de-cheques-devolvidos-por-falta-de-fundos","status":"publish","type":"post","link":"https:\/\/diarioregionaldigital.com.br\/?p=76059","title":{"rendered":"Aumenta o n\u00famero de cheques devolvidos por falta de fundos"},"content":{"rendered":"<p>A taxa de devolu\u00e7\u00e3o de cheques por falta de fundos no pa\u00eds passou de 2,14%, em abril, para 2,15%, em maio \u00faltimo, em rela\u00e7\u00e3o ao total de documentos compensados no per\u00edodo, segundo o Indicador Serasa Experian de Cheques Sem Fundos. No acumulado dos cinco primeiro meses, o percentual alcan\u00e7ou 2,18%.<\/p>\n<p>Foram devolvidos 958.819 cheques por insufici\u00eancia de saldo, de um total de 44.575.586 compensados. No \u00faltimo m\u00eas de abril, foram registradas 815.503 devolu\u00e7\u00f5es de um total de 38.068.259 compensados.<\/p>\n<p>Em nota, os economistas da Serasa Experian disseram que a inadimpl\u00eancia com cheques reflete a atua\u00e7\u00e3o de for\u00e7as antag\u00f4nicas que se anulam no curto prazo. &#8220;Por um lado, h\u00e1 a redu\u00e7\u00e3o da infla\u00e7\u00e3o e dos juros, que favorece o recuo dos \u00edndices de inadimplentes, mas, por outro lado, o elevado n\u00edvel de desemprego no pa\u00eds acaba atuando na dire\u00e7\u00e3o contr\u00e1ria, pressionando para cima a inadimpl\u00eancia\u201d.<\/p>\n<p>Para os economistas, a melhora no quadro s\u00f3 deve ocorrer quando a taxa de desemprego come\u00e7ar a cair.<\/p>\n<p>A Regi\u00e3o Norte lidera a inadimpl\u00eancia com cheques, apresentando taxa de 4,23% nos cinco primeiros meses do ano. Em sentido oposto, a Regi\u00e3o Sul mostra a menor propor\u00e7\u00e3o (1,82%).<\/p>\n<p>O maior calote ocorreu no Amap\u00e1 (18,69%) e a taxa mais baixa foi verificada em S\u00e3o Paulo (1,73%).<\/p>\n<p>Fonte: Ag\u00eancia Brasil<\/p>\n","protected":false},"excerpt":{"rendered":"<p>A taxa de devolu\u00e7\u00e3o de cheques por falta de fundos no pa\u00eds passou de 2,14%, em abril, para 2,15%, em maio \u00faltimo, em rela\u00e7\u00e3o ao total de documentos compensados no per\u00edodo, segundo o Indicador Serasa Experian de Cheques Sem Fundos. No acumulado dos cinco primeiro meses, o percentual alcan\u00e7ou 2,18%. Foram devolvidos 958.819 cheques por [&hellip;]<\/p>\n","protected":false},"author":96,"featured_media":76058,"comment_status":"closed","ping_status":"closed","sticky":false,"template":"","format":"standard","meta":{"footnotes":""},"categories":[261],"tags":[],"class_list":["post-76059","post","type-post","status-publish","format-standard","has-post-thumbnail","hentry","category-economia"],"_links":{"self":[{"href":"https:\/\/diarioregionaldigital.com.br\/index.php?rest_route=\/wp\/v2\/posts\/76059","targetHints":{"allow":["GET"]}}],"collection":[{"href":"https:\/\/diarioregionaldigital.com.br\/index.php?rest_route=\/wp\/v2\/posts"}],"about":[{"href":"https:\/\/diarioregionaldigital.com.br\/index.php?rest_route=\/wp\/v2\/types\/post"}],"author":[{"embeddable":true,"href":"https:\/\/diarioregionaldigital.com.br\/index.php?rest_route=\/wp\/v2\/users\/96"}],"replies":[{"embeddable":true,"href":"https:\/\/diarioregionaldigital.com.br\/index.php?rest_route=%2Fwp%2Fv2%2Fcomments&post=76059"}],"version-history":[{"count":0,"href":"https:\/\/diarioregionaldigital.com.br\/index.php?rest_route=\/wp\/v2\/posts\/76059\/revisions"}],"wp:featuredmedia":[{"embeddable":true,"href":"https:\/\/diarioregionaldigital.com.br\/index.php?rest_route=\/wp\/v2\/media\/76058"}],"wp:attachment":[{"href":"https:\/\/diarioregionaldigital.com.br\/index.php?rest_route=%2Fwp%2Fv2%2Fmedia&parent=76059"}],"wp:term":[{"taxonomy":"category","embeddable":true,"href":"https:\/\/diarioregionaldigital.com.br\/index.php?rest_route=%2Fwp%2Fv2%2Fcategories&post=76059"},{"taxonomy":"post_tag","embeddable":true,"href":"https:\/\/diarioregionaldigital.com.br\/index.php?rest_route=%2Fwp%2Fv2%2Ftags&post=76059"}],"curies":[{"name":"wp","href":"https:\/\/api.w.org\/{rel}","templated":true}]}}