{"id":76055,"date":"2017-06-26T20:48:00","date_gmt":"2017-06-26T23:48:00","guid":{"rendered":"http:\/\/diarioregionaljf.com.br\/2017\/06\/26\/vitimas-de-acidente-do-onibus-da-forca-nacional-aguardam-alta-hospitalar\/"},"modified":"2017-06-26T20:48:00","modified_gmt":"2017-06-26T23:48:00","slug":"vitimas-de-acidente-do-onibus-da-forca-nacional-aguardam-alta-hospitalar","status":"publish","type":"post","link":"https:\/\/diarioregionaldigital.com.br\/?p=76055","title":{"rendered":"V\u00edtimas de acidente do \u00f4nibus da For\u00e7a Nacional aguardam alta hospitalar"},"content":{"rendered":"<p>Tr\u00eas v\u00edtimas do acidente com um \u00f4nibus que levava integrantes da For\u00e7a Nacional de Seguran\u00e7a para Bras\u00edlia, no s\u00e1bado, 24, aguardam alta nessa segunda-feira, 26. As v\u00edtimas est\u00e3o internadas do Hospital de Pronto Socorro (HPS) deste a data do acidente quando o ve\u00edculo capotou na BR-040, pr\u00f3ximo ao Expominas.<\/p>\n<p>No s\u00e1bado, outras tr\u00eas v\u00edtimas foram atendidas na unidade de sa\u00fade e foram liberadas. As v\u00edtimas que foram encaminhadas \u00e0 Upa Norte tamb\u00e9m foram liberadas no mesmo dia.<\/p>\n<p>O cabo da For\u00e7a Nacional, socorrido com uma fratura exposta de tornozelo, passou por &#8220;tratamento cir\u00fargico&#8221; ap\u00f3s fratura do maleolo lateral (proemin\u00eancia \u00f3ssea arredondada que fica de ambos os lados da articula\u00e7\u00e3o do tornozelo) e tamb\u00e9m por sutura do couro cabeludo. O militar foi liberado neste domingo, 25.<\/p>\n","protected":false},"excerpt":{"rendered":"<p>Tr\u00eas v\u00edtimas do acidente com um \u00f4nibus que levava integrantes da For\u00e7a Nacional de Seguran\u00e7a para Bras\u00edlia, no s\u00e1bado, 24, aguardam alta nessa segunda-feira, 26. As v\u00edtimas est\u00e3o internadas do Hospital de Pronto Socorro (HPS) deste a data do acidente quando o ve\u00edculo capotou na BR-040, pr\u00f3ximo ao Expominas. No s\u00e1bado, outras tr\u00eas v\u00edtimas foram [&hellip;]<\/p>\n","protected":false},"author":96,"featured_media":76054,"comment_status":"closed","ping_status":"closed","sticky":false,"template":"","format":"standard","meta":{"footnotes":""},"categories":[253],"tags":[],"class_list":["post-76055","post","type-post","status-publish","format-standard","has-post-thumbnail","hentry","category-cidade"],"_links":{"self":[{"href":"https:\/\/diarioregionaldigital.com.br\/index.php?rest_route=\/wp\/v2\/posts\/76055","targetHints":{"allow":["GET"]}}],"collection":[{"href":"https:\/\/diarioregionaldigital.com.br\/index.php?rest_route=\/wp\/v2\/posts"}],"about":[{"href":"https:\/\/diarioregionaldigital.com.br\/index.php?rest_route=\/wp\/v2\/types\/post"}],"author":[{"embeddable":true,"href":"https:\/\/diarioregionaldigital.com.br\/index.php?rest_route=\/wp\/v2\/users\/96"}],"replies":[{"embeddable":true,"href":"https:\/\/diarioregionaldigital.com.br\/index.php?rest_route=%2Fwp%2Fv2%2Fcomments&post=76055"}],"version-history":[{"count":0,"href":"https:\/\/diarioregionaldigital.com.br\/index.php?rest_route=\/wp\/v2\/posts\/76055\/revisions"}],"wp:featuredmedia":[{"embeddable":true,"href":"https:\/\/diarioregionaldigital.com.br\/index.php?rest_route=\/wp\/v2\/media\/76054"}],"wp:attachment":[{"href":"https:\/\/diarioregionaldigital.com.br\/index.php?rest_route=%2Fwp%2Fv2%2Fmedia&parent=76055"}],"wp:term":[{"taxonomy":"category","embeddable":true,"href":"https:\/\/diarioregionaldigital.com.br\/index.php?rest_route=%2Fwp%2Fv2%2Fcategories&post=76055"},{"taxonomy":"post_tag","embeddable":true,"href":"https:\/\/diarioregionaldigital.com.br\/index.php?rest_route=%2Fwp%2Fv2%2Ftags&post=76055"}],"curies":[{"name":"wp","href":"https:\/\/api.w.org\/{rel}","templated":true}]}}