{"id":76038,"date":"2017-06-26T18:46:22","date_gmt":"2017-06-26T21:46:22","guid":{"rendered":"http:\/\/diarioregionaljf.com.br\/2017\/06\/26\/sebrae-minas-promove-seminario-voltado-para-o-setor-da-construcao-civil-de-juiz-de-fora\/"},"modified":"2017-06-26T18:46:22","modified_gmt":"2017-06-26T21:46:22","slug":"sebrae-minas-promove-seminario-voltado-para-o-setor-da-construcao-civil-de-juiz-de-fora","status":"publish","type":"post","link":"https:\/\/diarioregionaldigital.com.br\/?p=76038","title":{"rendered":"Sebrae Minas promove semin\u00e1rio voltado para o setor da constru\u00e7\u00e3o civil de Juiz de Fora"},"content":{"rendered":"<p>No Brasil, o setor da constru\u00e7\u00e3o civil envolve mais de 720 mil microempreendedores individuais (MEI) e cerca de 355 mil micro e pequenas empresas (MPE) ligadas ao segmento. Apesar da crise ter afetado o setor nos \u00faltimos anos, muitos empreendedores est\u00e3o em busca de diferenciais para se destacar no mercado.<\/p>\n<p>De acordo com dados do IBGE, referentes a maio deste ano, o \u00cdndice Nacional da Constru\u00e7\u00e3o Civil (Sinapi) apresentou uma varia\u00e7\u00e3o de 0,30%, ficando 0,15 ponto percentual acima da taxa do m\u00eas anterior (0,15%). Os \u00faltimos doze meses ficaram em 4,52%, resultado abaixo dos 5,07% registrados nos doze meses imediatamente anteriores. Em maio de 2016, o \u00edndice foi 0,83%.<\/p>\n<p>O custo nacional da constru\u00e7\u00e3o, por metro quadrado, que em abril fechou em R$1.039,54, em maio subiu para R$1.042,69, sendo R$536,24 relativos aos materiais e R$506,45 \u00e0 m\u00e3o de obra. Em Minas Gerais, no m\u00eas de maio, esse custo m\u00e9dio foi de R$992,96, o que representa uma varia\u00e7\u00e3o percentual mensal de 0,37% e, anual, de 3,55%.<\/p>\n<p>Como forma de fomentar o setor da constru\u00e7\u00e3o civil e capacitar seus empres\u00e1rios, o Sebrae Minas e o Sindicato da Constru\u00e7\u00e3o de Juiz de Fora (Sinduscon-JF) realizam nesta quarta-feira, 28, o semin\u00e1rio Perspectivas e desafios para a constru\u00e7\u00e3o civil, no Centro Industrial de Juiz de Fora. A a\u00e7\u00e3o \u00e9 voltada para construtoras, pequenas empreiteiras, engenheiros, arquitetos e empreendedores do setor da constru\u00e7\u00e3o civil. A inscri\u00e7\u00e3o \u00e9 gratuita.<\/p>\n<h4>PROGRAMA\u00c7\u00c3O<\/h4>\n<p>18h30 \u00e0s 19h45: Palestra Administre sua empresa para ser mais competitiva<\/p>\n<p>19h50 \u00e0s 20h20: Palestra Perspectivas e desafios para a constru\u00e7\u00e3o civil<\/p>\n<p>20h25 \u00e0s 20h55: Palestra Perspectivas do mercado de cimento no Brasil<\/p>\n<p>20h55 \u00e0s 21h10: Aberto a perguntas<\/p>\n<p>21h10 \u00e0s 21h15: Encerramento<\/p>\n<h5>&nbsp;<\/h5>\n<h5>SEMIN\u00c1RIO PERSPECTIVAS E DESAFIOS PARA A CONSTRU\u00c7\u00c3O CIVIL<\/h5>\n<p>Data: 28 de junho de 2017<\/p>\n<p>Local: Centro Industrial de Juiz de Fora \u2013 Av. Rio Branco, 2337<\/p>\n<p>Informa\u00e7\u00f5es e inscri\u00e7\u00f5es: (32) 3257-4708 \/ 4712 \/ 0800 570 0800 \/ www.sebraemg.com.br<\/p>\n<p>Fonte: Assessoria<\/p>\n","protected":false},"excerpt":{"rendered":"<p>No Brasil, o setor da constru\u00e7\u00e3o civil envolve mais de 720 mil microempreendedores individuais (MEI) e cerca de 355 mil micro e pequenas empresas (MPE) ligadas ao segmento. Apesar da crise ter afetado o setor nos \u00faltimos anos, muitos empreendedores est\u00e3o em busca de diferenciais para se destacar no mercado. De acordo com dados do [&hellip;]<\/p>\n","protected":false},"author":96,"featured_media":76037,"comment_status":"closed","ping_status":"closed","sticky":false,"template":"","format":"standard","meta":{"footnotes":""},"categories":[253],"tags":[],"class_list":["post-76038","post","type-post","status-publish","format-standard","has-post-thumbnail","hentry","category-cidade"],"_links":{"self":[{"href":"https:\/\/diarioregionaldigital.com.br\/index.php?rest_route=\/wp\/v2\/posts\/76038","targetHints":{"allow":["GET"]}}],"collection":[{"href":"https:\/\/diarioregionaldigital.com.br\/index.php?rest_route=\/wp\/v2\/posts"}],"about":[{"href":"https:\/\/diarioregionaldigital.com.br\/index.php?rest_route=\/wp\/v2\/types\/post"}],"author":[{"embeddable":true,"href":"https:\/\/diarioregionaldigital.com.br\/index.php?rest_route=\/wp\/v2\/users\/96"}],"replies":[{"embeddable":true,"href":"https:\/\/diarioregionaldigital.com.br\/index.php?rest_route=%2Fwp%2Fv2%2Fcomments&post=76038"}],"version-history":[{"count":0,"href":"https:\/\/diarioregionaldigital.com.br\/index.php?rest_route=\/wp\/v2\/posts\/76038\/revisions"}],"wp:featuredmedia":[{"embeddable":true,"href":"https:\/\/diarioregionaldigital.com.br\/index.php?rest_route=\/wp\/v2\/media\/76037"}],"wp:attachment":[{"href":"https:\/\/diarioregionaldigital.com.br\/index.php?rest_route=%2Fwp%2Fv2%2Fmedia&parent=76038"}],"wp:term":[{"taxonomy":"category","embeddable":true,"href":"https:\/\/diarioregionaldigital.com.br\/index.php?rest_route=%2Fwp%2Fv2%2Fcategories&post=76038"},{"taxonomy":"post_tag","embeddable":true,"href":"https:\/\/diarioregionaldigital.com.br\/index.php?rest_route=%2Fwp%2Fv2%2Ftags&post=76038"}],"curies":[{"name":"wp","href":"https:\/\/api.w.org\/{rel}","templated":true}]}}