{"id":75916,"date":"2017-06-23T18:42:26","date_gmt":"2017-06-23T21:42:26","guid":{"rendered":"http:\/\/diarioregionaljf.com.br\/2017\/06\/23\/museu-participa-de-campanha-em-celebracao-ao-dia-mundial-do-doador-voluntario-de-sangue\/"},"modified":"2017-06-23T18:42:26","modified_gmt":"2017-06-23T21:42:26","slug":"museu-participa-de-campanha-em-celebracao-ao-dia-mundial-do-doador-voluntario-de-sangue","status":"publish","type":"post","link":"https:\/\/diarioregionaldigital.com.br\/?p=75916","title":{"rendered":"Museu participa de campanha em celebra\u00e7\u00e3o ao dia Mundial do Doador volunt\u00e1rio de Sangue"},"content":{"rendered":"<p>Como forma de incentivar a doa\u00e7\u00e3o de sangue, a Funda\u00e7\u00e3o Museu Mariano Proc\u00f3pio foi um dos espa\u00e7os escolhidos para realiza\u00e7\u00e3o de atividades em celebra\u00e7\u00e3o ao dia Mundial do Doador de Sangue Volunt\u00e1rio. A iniciativa \u00e9 uma parceria entre a Prefeitura de Juiz de Fora, por meio do Projeto Bem Comum, e a Funda\u00e7\u00e3o Hemominas. A programa\u00e7\u00e3o que teve in\u00edcio no dia 14, ter\u00e1 a \u201c3\u00aa Caminhada pela vida\u201d promovida no parque da institui\u00e7\u00e3o no dia 25, \u00e0s 9h30.<\/p>\n<p>Al\u00e9m de conscientizar sobre a import\u00e2ncia da doa\u00e7\u00e3o de sangue, a a\u00e7\u00e3o refor\u00e7a o cuidado com a sa\u00fade do corpo e proporciona uma intera\u00e7\u00e3o solid\u00e1ria para os participantes, atrav\u00e9s da doa\u00e7\u00e3o de agasalhos ajudando a esquentar o frio de quem precisa.<\/p>\n<p>As inscri\u00e7\u00f5es devem ser realizadas at\u00e9 o dia 21, pelos telefones 3257-3113 e 3257-3117. A entrada do parque fica na Rua Mariano Proc\u00f3pio, n\u00famero 1100.<\/p>\n<p>Fonte: Assessoria<\/p>\n","protected":false},"excerpt":{"rendered":"<p>Como forma de incentivar a doa\u00e7\u00e3o de sangue, a Funda\u00e7\u00e3o Museu Mariano Proc\u00f3pio foi um dos espa\u00e7os escolhidos para realiza\u00e7\u00e3o de atividades em celebra\u00e7\u00e3o ao dia Mundial do Doador de Sangue Volunt\u00e1rio. A iniciativa \u00e9 uma parceria entre a Prefeitura de Juiz de Fora, por meio do Projeto Bem Comum, e a Funda\u00e7\u00e3o Hemominas. A [&hellip;]<\/p>\n","protected":false},"author":96,"featured_media":75915,"comment_status":"closed","ping_status":"closed","sticky":false,"template":"","format":"standard","meta":{"footnotes":""},"categories":[253],"tags":[],"class_list":["post-75916","post","type-post","status-publish","format-standard","has-post-thumbnail","hentry","category-cidade"],"_links":{"self":[{"href":"https:\/\/diarioregionaldigital.com.br\/index.php?rest_route=\/wp\/v2\/posts\/75916","targetHints":{"allow":["GET"]}}],"collection":[{"href":"https:\/\/diarioregionaldigital.com.br\/index.php?rest_route=\/wp\/v2\/posts"}],"about":[{"href":"https:\/\/diarioregionaldigital.com.br\/index.php?rest_route=\/wp\/v2\/types\/post"}],"author":[{"embeddable":true,"href":"https:\/\/diarioregionaldigital.com.br\/index.php?rest_route=\/wp\/v2\/users\/96"}],"replies":[{"embeddable":true,"href":"https:\/\/diarioregionaldigital.com.br\/index.php?rest_route=%2Fwp%2Fv2%2Fcomments&post=75916"}],"version-history":[{"count":0,"href":"https:\/\/diarioregionaldigital.com.br\/index.php?rest_route=\/wp\/v2\/posts\/75916\/revisions"}],"wp:featuredmedia":[{"embeddable":true,"href":"https:\/\/diarioregionaldigital.com.br\/index.php?rest_route=\/wp\/v2\/media\/75915"}],"wp:attachment":[{"href":"https:\/\/diarioregionaldigital.com.br\/index.php?rest_route=%2Fwp%2Fv2%2Fmedia&parent=75916"}],"wp:term":[{"taxonomy":"category","embeddable":true,"href":"https:\/\/diarioregionaldigital.com.br\/index.php?rest_route=%2Fwp%2Fv2%2Fcategories&post=75916"},{"taxonomy":"post_tag","embeddable":true,"href":"https:\/\/diarioregionaldigital.com.br\/index.php?rest_route=%2Fwp%2Fv2%2Ftags&post=75916"}],"curies":[{"name":"wp","href":"https:\/\/api.w.org\/{rel}","templated":true}]}}