{"id":75874,"date":"2017-06-22T20:57:31","date_gmt":"2017-06-22T23:57:31","guid":{"rendered":"http:\/\/diarioregionaljf.com.br\/2017\/06\/22\/mercedes-anuncia-recall-de-veiculos\/"},"modified":"2017-06-22T20:57:31","modified_gmt":"2017-06-22T23:57:31","slug":"mercedes-anuncia-recall-de-veiculos","status":"publish","type":"post","link":"https:\/\/diarioregionaldigital.com.br\/?p=75874","title":{"rendered":"Mercedes anuncia recall de ve\u00edculos"},"content":{"rendered":"<p>A Mercedes-Benz do Brasil convocou nesta semana que os propriet\u00e1rios dos ve\u00edculos SKL 300, SLC 300 e SLC 43 AMG, fabricados entre junho de 2015 e janeiro de 2017, devem agendar junto a uma autorizada da marca a atualiza\u00e7\u00e3o do software do m\u00f3dulo do Programa de Estabilidade Eletr\u00f4nico (ESP). Para agendamento e informa\u00e7\u00f5es sobre os n\u00fameros dos chassis envolvidos, a montadora disponibiliza o telefone 0800 970 9090 e o site (www.mercedes-benz.com.br).<\/p>\n<p>A empresa informa a possibilidade de falha no software. \u201cEste defeito pode fazer com que o sistema de assist\u00eancia ao condutor acione indevidamente a frenagem autom\u00e1tica do autom\u00f3vel, aumentando involuntariamente a resist\u00eancia de condu\u00e7\u00e3o do ve\u00edculo, o que poderia gerar fuma\u00e7a nos freios ap\u00f3s a parada e, em situa\u00e7\u00f5es extremas, princ\u00edpio de inc\u00eandio nas caixas de roda, elevando, assim, os riscos de dados f\u00edsicos e\/ou materiais aos ocupantes e\/ou terceiros\u201d, diz o comunicado da marca.<\/p>\n<p>Fonte: Ag\u00eancia Brasil<\/p>\n","protected":false},"excerpt":{"rendered":"<p>A Mercedes-Benz do Brasil convocou nesta semana que os propriet\u00e1rios dos ve\u00edculos SKL 300, SLC 300 e SLC 43 AMG, fabricados entre junho de 2015 e janeiro de 2017, devem agendar junto a uma autorizada da marca a atualiza\u00e7\u00e3o do software do m\u00f3dulo do Programa de Estabilidade Eletr\u00f4nico (ESP). Para agendamento e informa\u00e7\u00f5es sobre os [&hellip;]<\/p>\n","protected":false},"author":96,"featured_media":75873,"comment_status":"closed","ping_status":"closed","sticky":false,"template":"","format":"standard","meta":{"footnotes":""},"categories":[261],"tags":[],"class_list":["post-75874","post","type-post","status-publish","format-standard","has-post-thumbnail","hentry","category-economia"],"_links":{"self":[{"href":"https:\/\/diarioregionaldigital.com.br\/index.php?rest_route=\/wp\/v2\/posts\/75874","targetHints":{"allow":["GET"]}}],"collection":[{"href":"https:\/\/diarioregionaldigital.com.br\/index.php?rest_route=\/wp\/v2\/posts"}],"about":[{"href":"https:\/\/diarioregionaldigital.com.br\/index.php?rest_route=\/wp\/v2\/types\/post"}],"author":[{"embeddable":true,"href":"https:\/\/diarioregionaldigital.com.br\/index.php?rest_route=\/wp\/v2\/users\/96"}],"replies":[{"embeddable":true,"href":"https:\/\/diarioregionaldigital.com.br\/index.php?rest_route=%2Fwp%2Fv2%2Fcomments&post=75874"}],"version-history":[{"count":0,"href":"https:\/\/diarioregionaldigital.com.br\/index.php?rest_route=\/wp\/v2\/posts\/75874\/revisions"}],"wp:featuredmedia":[{"embeddable":true,"href":"https:\/\/diarioregionaldigital.com.br\/index.php?rest_route=\/wp\/v2\/media\/75873"}],"wp:attachment":[{"href":"https:\/\/diarioregionaldigital.com.br\/index.php?rest_route=%2Fwp%2Fv2%2Fmedia&parent=75874"}],"wp:term":[{"taxonomy":"category","embeddable":true,"href":"https:\/\/diarioregionaldigital.com.br\/index.php?rest_route=%2Fwp%2Fv2%2Fcategories&post=75874"},{"taxonomy":"post_tag","embeddable":true,"href":"https:\/\/diarioregionaldigital.com.br\/index.php?rest_route=%2Fwp%2Fv2%2Ftags&post=75874"}],"curies":[{"name":"wp","href":"https:\/\/api.w.org\/{rel}","templated":true}]}}