{"id":75872,"date":"2017-06-22T20:52:54","date_gmt":"2017-06-22T23:52:54","guid":{"rendered":"http:\/\/diarioregionaljf.com.br\/2017\/06\/22\/banco-central-mantem-projecao-de-crescimento-do-pib-em-0-5\/"},"modified":"2017-06-22T20:52:54","modified_gmt":"2017-06-22T23:52:54","slug":"banco-central-mantem-projecao-de-crescimento-do-pib-em-0-5","status":"publish","type":"post","link":"https:\/\/diarioregionaldigital.com.br\/?p=75872","title":{"rendered":"Banco Central mant\u00e9m proje\u00e7\u00e3o de crescimento do PIB em 0,5%"},"content":{"rendered":"<p>O Banco Central (BC) manteve a proje\u00e7\u00e3o para o crescimento da economia este ano e reduziu estimativa para a infla\u00e7\u00e3o. De acordo com o Relat\u00f3rio de Infla\u00e7\u00e3o, divulgado nessa quinta-feira, 22, em Bras\u00edlia, a proje\u00e7\u00e3o para a expans\u00e3o do Produto Interno Bruto (PIB), a soma de todos os bens e servi\u00e7os produzidos no pa\u00eds, segue em 0,5% para 2017.<\/p>\n<p>Entretanto, no relat\u00f3rio, o BC cita as reformas propostas pelo governo, como a da Previd\u00eancia e trabalhista, para que a economia se recupere este ano. \u201cA manuten\u00e7\u00e3o, por tempo prolongado, de n\u00edveis de incerteza elevados sobre a evolu\u00e7\u00e3o do processo de reformas e ajustes na economia pode ter impacto negativo sobre a atividade\u201d.<\/p>\n<p>Sobre a infla\u00e7\u00e3o, o Banco Central diz que \u201cpermanece favor\u00e1vel, com desinfla\u00e7\u00e3o difundida inclusive nos componentes mais sens\u00edveis ao ciclo econ\u00f4mico e \u00e0 pol\u00edtica monet\u00e1ria [defini\u00e7\u00e3o da taxa b\u00e1sica de juros, a Selic]\u201d, diz o relat\u00f3rio.<\/p>\n<p>No relat\u00f3rio, as proje\u00e7\u00f5es para a infla\u00e7\u00e3o s\u00e3o apresentadas em quatro cen\u00e1rios. A \u201cproje\u00e7\u00e3o central\u201d, elaborada considerando as estimativas do mercado para a taxa de juros e o c\u00e2mbio, indica infla\u00e7\u00e3o em torno de 3,8%, 0,2 ponto percentual abaixo da divulgada no relat\u00f3rio de mar\u00e7o.<\/p>\n<p>Para o fim de 2018, a proje\u00e7\u00e3o permaneceu em 4,5%. Na estimativa para a infla\u00e7\u00e3o em 12 meses encerrados no final do segundo trimestre de 2019, o \u00edndice cai para 4,3%.<\/p>\n<h4>C\u00c2MBIO E INFLA\u00c7\u00c3O<\/h4>\n<p>No cen\u00e1rio com taxa de c\u00e2mbio constante em R$ 3,30 e taxa Selic estimada pelo mercado financeiro, a proje\u00e7\u00e3o para a infla\u00e7\u00e3o este ano fica em 3,8% e sobe para 4,3% em 2018, abaixo do centro da meta perseguida pelo BC (4,5%).<\/p>\n<p>O BC tamb\u00e9m divulgou as proje\u00e7\u00f5es feitas com taxa de juros inalterada no atual patamar (10,25% ao ano), mas considera essas estimativas \u201cpouco informativas\u201d porque a Selic est\u00e1 em processo de redu\u00e7\u00e3o.<\/p>\n<p>\u201cEntretanto, no esp\u00edrito de manter elevado grau de transpar\u00eancia, o Relat\u00f3rio de Infla\u00e7\u00e3o tamb\u00e9m reporta as proje\u00e7\u00f5es condicionais que sup\u00f5em taxa Selic constante\u201d, diz o BC.<\/p>\n<p>No cen\u00e1rio com taxa de juros e c\u00e2mbio constantes, a infla\u00e7\u00e3o fica em 3,8%, em 2017 e em 3,9%, em 2018. Por fim, no cen\u00e1rio com c\u00e2mbio projetado pelo mercado financeiro e Selic constante, a infla\u00e7\u00e3o fica em 3,8%, este ano, e em 4% em 2018.<\/p>\n<p>Fonte: Ag\u00eancia Brasil<\/p>\n","protected":false},"excerpt":{"rendered":"<p>O Banco Central (BC) manteve a proje\u00e7\u00e3o para o crescimento da economia este ano e reduziu estimativa para a infla\u00e7\u00e3o. De acordo com o Relat\u00f3rio de Infla\u00e7\u00e3o, divulgado nessa quinta-feira, 22, em Bras\u00edlia, a proje\u00e7\u00e3o para a expans\u00e3o do Produto Interno Bruto (PIB), a soma de todos os bens e servi\u00e7os produzidos no pa\u00eds, segue [&hellip;]<\/p>\n","protected":false},"author":96,"featured_media":75871,"comment_status":"closed","ping_status":"closed","sticky":false,"template":"","format":"standard","meta":{"footnotes":""},"categories":[261],"tags":[],"class_list":["post-75872","post","type-post","status-publish","format-standard","has-post-thumbnail","hentry","category-economia"],"_links":{"self":[{"href":"https:\/\/diarioregionaldigital.com.br\/index.php?rest_route=\/wp\/v2\/posts\/75872","targetHints":{"allow":["GET"]}}],"collection":[{"href":"https:\/\/diarioregionaldigital.com.br\/index.php?rest_route=\/wp\/v2\/posts"}],"about":[{"href":"https:\/\/diarioregionaldigital.com.br\/index.php?rest_route=\/wp\/v2\/types\/post"}],"author":[{"embeddable":true,"href":"https:\/\/diarioregionaldigital.com.br\/index.php?rest_route=\/wp\/v2\/users\/96"}],"replies":[{"embeddable":true,"href":"https:\/\/diarioregionaldigital.com.br\/index.php?rest_route=%2Fwp%2Fv2%2Fcomments&post=75872"}],"version-history":[{"count":0,"href":"https:\/\/diarioregionaldigital.com.br\/index.php?rest_route=\/wp\/v2\/posts\/75872\/revisions"}],"wp:featuredmedia":[{"embeddable":true,"href":"https:\/\/diarioregionaldigital.com.br\/index.php?rest_route=\/wp\/v2\/media\/75871"}],"wp:attachment":[{"href":"https:\/\/diarioregionaldigital.com.br\/index.php?rest_route=%2Fwp%2Fv2%2Fmedia&parent=75872"}],"wp:term":[{"taxonomy":"category","embeddable":true,"href":"https:\/\/diarioregionaldigital.com.br\/index.php?rest_route=%2Fwp%2Fv2%2Fcategories&post=75872"},{"taxonomy":"post_tag","embeddable":true,"href":"https:\/\/diarioregionaldigital.com.br\/index.php?rest_route=%2Fwp%2Fv2%2Ftags&post=75872"}],"curies":[{"name":"wp","href":"https:\/\/api.w.org\/{rel}","templated":true}]}}