{"id":75863,"date":"2017-06-22T20:19:48","date_gmt":"2017-06-22T23:19:48","guid":{"rendered":"http:\/\/diarioregionaljf.com.br\/2017\/06\/22\/novo-vazamento-de-oleo-compromete-abastecimento-de-agua-em-barbacena\/"},"modified":"2017-06-22T20:19:48","modified_gmt":"2017-06-22T23:19:48","slug":"novo-vazamento-de-oleo-compromete-abastecimento-de-agua-em-barbacena","status":"publish","type":"post","link":"https:\/\/diarioregionaldigital.com.br\/?p=75863","title":{"rendered":"Novo vazamento de \u00f3leo compromete abastecimento de \u00e1gua em Barbacena"},"content":{"rendered":"<p>Barbacena tem nova amea\u00e7a de comprometimento do abastecimento de \u00e1gua na cidade em raz\u00e3o de um vazamento de \u00f3leo combust\u00edvel na regi\u00e3o do Km 704 da BR-040, pr\u00f3ximo ao Galego, cerca de 50 metros da Esta\u00e7\u00e3o de Capta\u00e7\u00e3o de \u00c1gua do curso d\u2019\u00e1gua denominado Pinheiro Grosso, na regi\u00e3o atendida pelo Servi\u00e7o de \u00c1gua e Saneamento (SAS).<\/p>\n<p>Em raz\u00e3o do vazamento de \u00f3leo, foi publicado no e-DOB &#8211; Di\u00e1rio Oficial Eletr\u00f4nico -, na noite desta quarta-feira, 21, o decreto n\u00ba 8.174, autorizando o SAS a contratar ou adquirir, em car\u00e1ter emergencial, os bens e servi\u00e7os que sejam estritamente necess\u00e1rios para restabelecer e proporcionar o abastecimento normal de \u00e1gua nos locais afetados do Munic\u00edpio, pelo prazo de at\u00e9 90 dias. Com a justificativa da possibilidade de desabastecimento e risco de contamina\u00e7\u00e3o do sistema de fornecimento de \u00e1gua, j\u00e1 que no curso d\u2019\u00e1gua a capta\u00e7\u00e3o corresponde a cerca de 19% do abastecimento de \u00e1gua na \u00e1rea atendida pelo SAS.<\/p>\n<p>Segundo a dire\u00e7\u00e3o do SAS, os reservat\u00f3rios est\u00e3o cheios e o risco de desabastecimento \u00e9 bastante remoto, uma vez que o vazamento foi descoberto antes de atingir o local da capta\u00e7\u00e3o de \u00e1gua. Foram feitas reten\u00e7\u00f5es e o decreto tem o objetivo de facilitar e agilizar a compra de materiais necess\u00e1rios ao trabalho de reten\u00e7\u00e3o.<\/p>\n<p>A forma como aconteceu o vazamento ainda n\u00e3o foi informada pelas autoridades locais.<\/p>\n<p>Colabora\u00e7\u00e3o: Barbacena Mais<\/p>\n","protected":false},"excerpt":{"rendered":"<p>Barbacena tem nova amea\u00e7a de comprometimento do abastecimento de \u00e1gua na cidade em raz\u00e3o de um vazamento de \u00f3leo combust\u00edvel na regi\u00e3o do Km 704 da BR-040, pr\u00f3ximo ao Galego, cerca de 50 metros da Esta\u00e7\u00e3o de Capta\u00e7\u00e3o de \u00c1gua do curso d\u2019\u00e1gua denominado Pinheiro Grosso, na regi\u00e3o atendida pelo Servi\u00e7o de \u00c1gua e Saneamento [&hellip;]<\/p>\n","protected":false},"author":96,"featured_media":75862,"comment_status":"closed","ping_status":"closed","sticky":false,"template":"","format":"standard","meta":{"footnotes":""},"categories":[252],"tags":[],"class_list":["post-75863","post","type-post","status-publish","format-standard","has-post-thumbnail","hentry","category-regiao"],"_links":{"self":[{"href":"https:\/\/diarioregionaldigital.com.br\/index.php?rest_route=\/wp\/v2\/posts\/75863","targetHints":{"allow":["GET"]}}],"collection":[{"href":"https:\/\/diarioregionaldigital.com.br\/index.php?rest_route=\/wp\/v2\/posts"}],"about":[{"href":"https:\/\/diarioregionaldigital.com.br\/index.php?rest_route=\/wp\/v2\/types\/post"}],"author":[{"embeddable":true,"href":"https:\/\/diarioregionaldigital.com.br\/index.php?rest_route=\/wp\/v2\/users\/96"}],"replies":[{"embeddable":true,"href":"https:\/\/diarioregionaldigital.com.br\/index.php?rest_route=%2Fwp%2Fv2%2Fcomments&post=75863"}],"version-history":[{"count":0,"href":"https:\/\/diarioregionaldigital.com.br\/index.php?rest_route=\/wp\/v2\/posts\/75863\/revisions"}],"wp:featuredmedia":[{"embeddable":true,"href":"https:\/\/diarioregionaldigital.com.br\/index.php?rest_route=\/wp\/v2\/media\/75862"}],"wp:attachment":[{"href":"https:\/\/diarioregionaldigital.com.br\/index.php?rest_route=%2Fwp%2Fv2%2Fmedia&parent=75863"}],"wp:term":[{"taxonomy":"category","embeddable":true,"href":"https:\/\/diarioregionaldigital.com.br\/index.php?rest_route=%2Fwp%2Fv2%2Fcategories&post=75863"},{"taxonomy":"post_tag","embeddable":true,"href":"https:\/\/diarioregionaldigital.com.br\/index.php?rest_route=%2Fwp%2Fv2%2Ftags&post=75863"}],"curies":[{"name":"wp","href":"https:\/\/api.w.org\/{rel}","templated":true}]}}