{"id":75861,"date":"2017-06-22T20:17:05","date_gmt":"2017-06-22T23:17:05","guid":{"rendered":"http:\/\/diarioregionaljf.com.br\/2017\/06\/22\/trio-e-preso-ao-tentar-dar-golpe-em-cooperativa-em-bicas\/"},"modified":"2017-06-22T20:17:05","modified_gmt":"2017-06-22T23:17:05","slug":"trio-e-preso-ao-tentar-dar-golpe-em-cooperativa-em-bicas","status":"publish","type":"post","link":"https:\/\/diarioregionaldigital.com.br\/?p=75861","title":{"rendered":"Trio \u00e9 preso ao tentar dar golpe em Cooperativa em Bicas"},"content":{"rendered":"<p>A Pol\u00edcia Militar de Bicas\/MG prendeu tr\u00eas homens na tarde de quarta-feira, 21 de junho, quando tentavam aplicar um golpe na ag\u00eancia da cooperativa de cr\u00e9dito do Sicoob daquela cidade. O trio estava em um ve\u00edculo Peugeot, branco, com placas de Contagem\/MG, que foi apreendido e recolhido ao p\u00e1tio de Detran-MG.<\/p>\n<p>Segundo informa\u00e7\u00f5es fornecidas pela Pol\u00edcia Militar, os tr\u00eas homens presos, com idades de 39, 59 e 20 anos de idade, respectivamente, j\u00e1 haviam sido detidos outras vezes por este mesmo crime. Com eles tamb\u00e9m foram apreendidos diversos documentos falsos, cart\u00f5es magn\u00e9ticos, celulares e dinheiro, al\u00e9m de um notebook.<\/p>\n<p>De acordo com ainda com a PM eles estavam tentando contrair um empr\u00e9stimo na ag\u00eancia do Sicoob no valor de R$10 mil utilizando documentos falsos. O gerente desconfiou da idoneidade do grupo e acionou a Pol\u00edcia que compareceu ao local e surpreendeu os tr\u00eas homens na Pra\u00e7a S\u00e3o Jos\u00e9, onde foram presos. No final da tarde, o trio foi levado para a Delegacia de Pol\u00edcia Civil de Plant\u00e3o em Juiz de Fora, onde prestaram depoimento.<\/p>\n<p>Colabora\u00e7\u00e3o: Marcelo Lopes<\/p>\n","protected":false},"excerpt":{"rendered":"<p>A Pol\u00edcia Militar de Bicas\/MG prendeu tr\u00eas homens na tarde de quarta-feira, 21 de junho, quando tentavam aplicar um golpe na ag\u00eancia da cooperativa de cr\u00e9dito do Sicoob daquela cidade. O trio estava em um ve\u00edculo Peugeot, branco, com placas de Contagem\/MG, que foi apreendido e recolhido ao p\u00e1tio de Detran-MG. Segundo informa\u00e7\u00f5es fornecidas pela [&hellip;]<\/p>\n","protected":false},"author":96,"featured_media":0,"comment_status":"closed","ping_status":"closed","sticky":false,"template":"","format":"standard","meta":{"footnotes":""},"categories":[252],"tags":[],"class_list":["post-75861","post","type-post","status-publish","format-standard","hentry","category-regiao"],"_links":{"self":[{"href":"https:\/\/diarioregionaldigital.com.br\/index.php?rest_route=\/wp\/v2\/posts\/75861","targetHints":{"allow":["GET"]}}],"collection":[{"href":"https:\/\/diarioregionaldigital.com.br\/index.php?rest_route=\/wp\/v2\/posts"}],"about":[{"href":"https:\/\/diarioregionaldigital.com.br\/index.php?rest_route=\/wp\/v2\/types\/post"}],"author":[{"embeddable":true,"href":"https:\/\/diarioregionaldigital.com.br\/index.php?rest_route=\/wp\/v2\/users\/96"}],"replies":[{"embeddable":true,"href":"https:\/\/diarioregionaldigital.com.br\/index.php?rest_route=%2Fwp%2Fv2%2Fcomments&post=75861"}],"version-history":[{"count":0,"href":"https:\/\/diarioregionaldigital.com.br\/index.php?rest_route=\/wp\/v2\/posts\/75861\/revisions"}],"wp:attachment":[{"href":"https:\/\/diarioregionaldigital.com.br\/index.php?rest_route=%2Fwp%2Fv2%2Fmedia&parent=75861"}],"wp:term":[{"taxonomy":"category","embeddable":true,"href":"https:\/\/diarioregionaldigital.com.br\/index.php?rest_route=%2Fwp%2Fv2%2Fcategories&post=75861"},{"taxonomy":"post_tag","embeddable":true,"href":"https:\/\/diarioregionaldigital.com.br\/index.php?rest_route=%2Fwp%2Fv2%2Ftags&post=75861"}],"curies":[{"name":"wp","href":"https:\/\/api.w.org\/{rel}","templated":true}]}}