{"id":75858,"date":"2017-06-22T20:11:02","date_gmt":"2017-06-22T23:11:02","guid":{"rendered":"http:\/\/diarioregionaljf.com.br\/2017\/06\/22\/prefeitura-de-rochedo-de-minas-divulga-processo-seletivo-para-tecnico-em-enfermagem\/"},"modified":"2017-06-22T20:11:02","modified_gmt":"2017-06-22T23:11:02","slug":"prefeitura-de-rochedo-de-minas-divulga-processo-seletivo-para-tecnico-em-enfermagem","status":"publish","type":"post","link":"https:\/\/diarioregionaldigital.com.br\/?p=75858","title":{"rendered":"Prefeitura de Rochedo de Minas divulga processo seletivo para T\u00e9cnico em Enfermagem"},"content":{"rendered":"<p>A Prefeitura de Rochedo de Minas, no Estado de Minas Gerais, tornou p\u00fablico o edital de processo seletivo n\u00ba 04\/2017 com a finalidade de selecionar profissional para o cargo de T\u00e9cnico em Enfermagem, no \u00e2mbito Programa Sa\u00fade da Fam\u00edlia\/Estrat\u00e9gia Sa\u00fade da Fam\u00edlia.<\/p>\n<p>A oportunidade \u00e9 por prazo determinado e d\u00e1 direito a remunera\u00e7\u00e3o de R$1.456,39, por 40 horas semanais. O requisito b\u00e1sico para concorrer \u00e9 ter curso completo de t\u00e9cnico em enfermagem e registro no COREN.<\/p>\n<p>As inscri\u00e7\u00f5es ser\u00e3o aceitas entre os dias 26 e 28 de junho de 2017, pela internet, no site (www.rochedodeminas.mg.gov.br) ou na a sede do CRAS \u2013 Centro de Refer\u00eancia de Assist\u00eancia Social, situada \u00e0 Rua Ant\u00f4nio Augusto Frederico de Castro s\/n\u00ba, centro. O valor da taxa \u00e9 de R$30.<\/p>\n<p>Os inscritos ser\u00e3o selecionados atrav\u00e9s de prova escrita objetiva, na data prov\u00e1vel de 15 de julho de 2017, na Escola Municipal Dr. Augusto Gl\u00f3ria, localizada na Pra\u00e7a Nossa Senhora da Piedade s\/n\u00b0, Centro.<\/p>\n<p>A validade do processo seletivo \u00e9 de um ano, a contar da data de homologa\u00e7\u00e3o do resultado final, podendo ser prorrogado por igual per\u00edodo.<\/p>\n<p>Fonte: Assessoria<\/p>\n","protected":false},"excerpt":{"rendered":"<p>A Prefeitura de Rochedo de Minas, no Estado de Minas Gerais, tornou p\u00fablico o edital de processo seletivo n\u00ba 04\/2017 com a finalidade de selecionar profissional para o cargo de T\u00e9cnico em Enfermagem, no \u00e2mbito Programa Sa\u00fade da Fam\u00edlia\/Estrat\u00e9gia Sa\u00fade da Fam\u00edlia. A oportunidade \u00e9 por prazo determinado e d\u00e1 direito a remunera\u00e7\u00e3o de R$1.456,39, [&hellip;]<\/p>\n","protected":false},"author":96,"featured_media":0,"comment_status":"closed","ping_status":"closed","sticky":false,"template":"","format":"standard","meta":{"footnotes":""},"categories":[280],"tags":[],"class_list":["post-75858","post","type-post","status-publish","format-standard","hentry","category-concurso"],"_links":{"self":[{"href":"https:\/\/diarioregionaldigital.com.br\/index.php?rest_route=\/wp\/v2\/posts\/75858","targetHints":{"allow":["GET"]}}],"collection":[{"href":"https:\/\/diarioregionaldigital.com.br\/index.php?rest_route=\/wp\/v2\/posts"}],"about":[{"href":"https:\/\/diarioregionaldigital.com.br\/index.php?rest_route=\/wp\/v2\/types\/post"}],"author":[{"embeddable":true,"href":"https:\/\/diarioregionaldigital.com.br\/index.php?rest_route=\/wp\/v2\/users\/96"}],"replies":[{"embeddable":true,"href":"https:\/\/diarioregionaldigital.com.br\/index.php?rest_route=%2Fwp%2Fv2%2Fcomments&post=75858"}],"version-history":[{"count":0,"href":"https:\/\/diarioregionaldigital.com.br\/index.php?rest_route=\/wp\/v2\/posts\/75858\/revisions"}],"wp:attachment":[{"href":"https:\/\/diarioregionaldigital.com.br\/index.php?rest_route=%2Fwp%2Fv2%2Fmedia&parent=75858"}],"wp:term":[{"taxonomy":"category","embeddable":true,"href":"https:\/\/diarioregionaldigital.com.br\/index.php?rest_route=%2Fwp%2Fv2%2Fcategories&post=75858"},{"taxonomy":"post_tag","embeddable":true,"href":"https:\/\/diarioregionaldigital.com.br\/index.php?rest_route=%2Fwp%2Fv2%2Ftags&post=75858"}],"curies":[{"name":"wp","href":"https:\/\/api.w.org\/{rel}","templated":true}]}}