{"id":75827,"date":"2017-06-22T01:05:32","date_gmt":"2017-06-22T04:05:32","guid":{"rendered":"http:\/\/diarioregionaljf.com.br\/2017\/06\/22\/flamengo-recebe-a-chapecoense-na-ilha-do-urubu\/"},"modified":"2017-06-22T01:05:32","modified_gmt":"2017-06-22T04:05:32","slug":"flamengo-recebe-a-chapecoense-na-ilha-do-urubu","status":"publish","type":"post","link":"https:\/\/diarioregionaldigital.com.br\/?p=75827","title":{"rendered":"FLAMENGO RECEBE A CHAPECOENSE NA ILHA DO URUBU"},"content":{"rendered":"<p>Se h\u00e1 duas semanas a Chapecoense era l\u00edder do Campeonato Brasileiro, hoje o time busca for\u00e7as para reencontrar as vit\u00f3rias e se manter na parte de cima da classifica\u00e7\u00e3o. Nesta quinta-feira, \u00e0s 21 horas, o grupo de Vagner Mancini viaja at\u00e9 o Rio de Janeiro para enfrentar o Flamengo no est\u00e1dio da Ilha do Urubu, pela 9\u00aa rodada da competi\u00e7\u00e3o. Nos \u00faltimos cinco jogos, os catarinenses colecionam tr\u00eas derrotas e duas vit\u00f3rias \u2013 contra Cruzeiro e Vasco.<\/p>\n<p><strong>SONHO A REALIZAR<\/strong><br \/>Para Cu\u00e9llar, a titularidade no Flamengo pode lev\u00e1-lo ao seu grande sonho, que \u00e9 jogar a Copa do Mundo de 2018 com a sele\u00e7\u00e3o colombiana. &#8220;Em um curto prazo, desejo cumprir meu sonho, que \u00e9 jogar a Copa do Mundo. Jogando no Flamengo, qualquer um pode ser convocado para a sele\u00e7\u00e3o de seu pa\u00eds.&#8221;<\/p>\n<p>O volante tem atuado no lugar que era de Willian Ar\u00e3o, que caiu de rendimento e tem ficado no banco. Na vit\u00f3ria contra a Ponte Preta e no empate diante do Fluminense, Cu\u00e9llar mostrou seu conhecido poder de marca\u00e7\u00e3o, mas ele mesmo admite que precisa evoluir nos pr\u00f3ximos jogos para manter-se no time.<\/p>\n<p><strong>FLAMENGO:<\/strong> Thiago; Rodinei, R\u00e9ver, Juan e Trauco; M\u00e1rcio Ara\u00fajo, Cu\u00e9llar e Diego; Vin\u00edcius J\u00fanior, Everton e Guerrero. T\u00e9cnico: Z\u00e9 Ricardo.<\/p>\n<p><strong>CHAPECOENSE:<\/strong> Jandrei; Apodi, Luiz Ot\u00e1vio, Victor Ramos e Reinaldo; Andrei Girotto, Luiz Antonio e Seijas; Arthur, Rossi e Wellington Paulista.<br \/>T\u00e9cnico: Vagner Mancini.<\/p>\n<p><strong>GEUV\u00c2NIO \u00c9 APRESENTADO OFICIALMENTE<\/strong><br \/>Anunciado na manh\u00e3 dessa quarta-feira, Geuv\u00e2nio foi apresentado oficialmente como o mais novo refor\u00e7o do Flamengo para a atual temporada. Com contrato de empr\u00e9stimo firmado at\u00e9 o fim de 2018 junto ao Tianjin Quanjian, da China, o vers\u00e1til atacante deu sequ\u00eancia \u00e0s avalia\u00e7\u00f5es f\u00edsicas em campo, orientado pelos profissionais do Centro de Excel\u00eancia em Performance do Flamengo (CEP FLA).<\/p>\n","protected":false},"excerpt":{"rendered":"<p>Se h\u00e1 duas semanas a Chapecoense era l\u00edder do Campeonato Brasileiro, hoje o time busca for\u00e7as para reencontrar as vit\u00f3rias e se manter na parte de cima da classifica\u00e7\u00e3o. Nesta quinta-feira, \u00e0s 21 horas, o grupo de Vagner Mancini viaja at\u00e9 o Rio de Janeiro para enfrentar o Flamengo no est\u00e1dio da Ilha do Urubu, [&hellip;]<\/p>\n","protected":false},"author":96,"featured_media":75826,"comment_status":"closed","ping_status":"closed","sticky":false,"template":"","format":"standard","meta":{"footnotes":""},"categories":[257],"tags":[],"class_list":["post-75827","post","type-post","status-publish","format-standard","has-post-thumbnail","hentry","category-esporte"],"_links":{"self":[{"href":"https:\/\/diarioregionaldigital.com.br\/index.php?rest_route=\/wp\/v2\/posts\/75827","targetHints":{"allow":["GET"]}}],"collection":[{"href":"https:\/\/diarioregionaldigital.com.br\/index.php?rest_route=\/wp\/v2\/posts"}],"about":[{"href":"https:\/\/diarioregionaldigital.com.br\/index.php?rest_route=\/wp\/v2\/types\/post"}],"author":[{"embeddable":true,"href":"https:\/\/diarioregionaldigital.com.br\/index.php?rest_route=\/wp\/v2\/users\/96"}],"replies":[{"embeddable":true,"href":"https:\/\/diarioregionaldigital.com.br\/index.php?rest_route=%2Fwp%2Fv2%2Fcomments&post=75827"}],"version-history":[{"count":0,"href":"https:\/\/diarioregionaldigital.com.br\/index.php?rest_route=\/wp\/v2\/posts\/75827\/revisions"}],"wp:featuredmedia":[{"embeddable":true,"href":"https:\/\/diarioregionaldigital.com.br\/index.php?rest_route=\/wp\/v2\/media\/75826"}],"wp:attachment":[{"href":"https:\/\/diarioregionaldigital.com.br\/index.php?rest_route=%2Fwp%2Fv2%2Fmedia&parent=75827"}],"wp:term":[{"taxonomy":"category","embeddable":true,"href":"https:\/\/diarioregionaldigital.com.br\/index.php?rest_route=%2Fwp%2Fv2%2Fcategories&post=75827"},{"taxonomy":"post_tag","embeddable":true,"href":"https:\/\/diarioregionaldigital.com.br\/index.php?rest_route=%2Fwp%2Fv2%2Ftags&post=75827"}],"curies":[{"name":"wp","href":"https:\/\/api.w.org\/{rel}","templated":true}]}}