{"id":75813,"date":"2017-06-21T23:42:23","date_gmt":"2017-06-22T02:42:23","guid":{"rendered":"http:\/\/diarioregionaljf.com.br\/2017\/06\/21\/gibi-conscientiza-criancas-sobre-atendimento-de-urgencia-e-emergencia-na-regiao\/"},"modified":"2017-06-21T23:42:23","modified_gmt":"2017-06-22T02:42:23","slug":"gibi-conscientiza-criancas-sobre-atendimento-de-urgencia-e-emergencia-na-regiao","status":"publish","type":"post","link":"https:\/\/diarioregionaldigital.com.br\/?p=75813","title":{"rendered":"Gibi conscientiza crian\u00e7as sobre atendimento de urg\u00eancia e emerg\u00eancia na regi\u00e3o"},"content":{"rendered":"<p>O Cisdeste lan\u00e7ou a edi\u00e7\u00e3o de n\u00famero 02 da \u201cTurma do Samuzinho\u201d, projeto em gibi para promover a conscientiza\u00e7\u00e3o contra o trote e sobre cuidados no atendimento de urg\u00eancias e emerg\u00eancias. Com distribui\u00e7\u00e3o gratuita, a publica\u00e7\u00e3o ser\u00e1 utilizada em diversas a\u00e7\u00f5es promovidas pelo SAMU na regi\u00e3o.<\/p>\n<p>O gibi traz uma breve hist\u00f3ria sobre a import\u00e2ncia de se prestar socorro de maneira adequada, desde a liga\u00e7\u00e3o ao 192 at\u00e9 o momento da chegada da ambul\u00e2ncia. Sempre atrav\u00e9s de forma l\u00fadica e did\u00e1tica, a Turma do Samuzinho d\u00e1 dicas e orienta\u00e7\u00f5es sobre o salvamento de vidas. \u201cUtilizamos muito este material nas visitas que fazemos \u00e0 comunidade, escolas e institui\u00e7\u00f5es, nos diversos projetos desenvolvidos pelo Cisdeste na regi\u00e3o. A primeira edi\u00e7\u00e3o foi um sucesso, o que motivou esse segundo n\u00famero\u201d, explicou o coordenador de enfermagem, J\u00falio C\u00e9sar Oliveira de Andrade, idealizador da publica\u00e7\u00e3o.<\/p>\n<p>O secret\u00e1rio-executivo do Cisdeste, Denys Arantes Carvalho, argumentou que o gibi auxilia na mobiliza\u00e7\u00e3o da comunidade em torno do atendimento e do acionamento respons\u00e1vel do SAMU nos 94 munic\u00edpios abrangidos. \u201cTrabalhamos, sobretudo, com as crian\u00e7as, que se tornam multiplicadores dessas informa\u00e7\u00f5es. Assim tamb\u00e9m combatemos os trotes que tanto prejudicam o servi\u00e7o\u201d, afirmou Denys.<\/p>\n<p>O N\u00facleo de Educa\u00e7\u00e3o Permanente (NEP) do Cisdeste utiliza o gibi durante o projeto \u201cSAMU na Escola\u201d, que trabalha atividades de intera\u00e7\u00e3o atrav\u00e9s de mascotes e teatro de fantoches, e o projeto \u201cSAMU Teen\u201d, que estabelece a\u00e7\u00f5es para o p\u00fablico jovem. Tamb\u00e9m \u00e9 realizado o \u201cSAMU na Rua\u201d, que percorre pra\u00e7as e pontos de aglomera\u00e7\u00e3o em v\u00e1rios munic\u00edpios. Para acionar os trabalhos, os contatos devem ser feitos pelo telefone 3250-0373.<\/p>\n<p>Fonte: Assessoria<\/p>\n","protected":false},"excerpt":{"rendered":"<p>O Cisdeste lan\u00e7ou a edi\u00e7\u00e3o de n\u00famero 02 da \u201cTurma do Samuzinho\u201d, projeto em gibi para promover a conscientiza\u00e7\u00e3o contra o trote e sobre cuidados no atendimento de urg\u00eancias e emerg\u00eancias. Com distribui\u00e7\u00e3o gratuita, a publica\u00e7\u00e3o ser\u00e1 utilizada em diversas a\u00e7\u00f5es promovidas pelo SAMU na regi\u00e3o. O gibi traz uma breve hist\u00f3ria sobre a import\u00e2ncia [&hellip;]<\/p>\n","protected":false},"author":96,"featured_media":75812,"comment_status":"closed","ping_status":"closed","sticky":false,"template":"","format":"standard","meta":{"footnotes":""},"categories":[252],"tags":[],"class_list":["post-75813","post","type-post","status-publish","format-standard","has-post-thumbnail","hentry","category-regiao"],"_links":{"self":[{"href":"https:\/\/diarioregionaldigital.com.br\/index.php?rest_route=\/wp\/v2\/posts\/75813","targetHints":{"allow":["GET"]}}],"collection":[{"href":"https:\/\/diarioregionaldigital.com.br\/index.php?rest_route=\/wp\/v2\/posts"}],"about":[{"href":"https:\/\/diarioregionaldigital.com.br\/index.php?rest_route=\/wp\/v2\/types\/post"}],"author":[{"embeddable":true,"href":"https:\/\/diarioregionaldigital.com.br\/index.php?rest_route=\/wp\/v2\/users\/96"}],"replies":[{"embeddable":true,"href":"https:\/\/diarioregionaldigital.com.br\/index.php?rest_route=%2Fwp%2Fv2%2Fcomments&post=75813"}],"version-history":[{"count":0,"href":"https:\/\/diarioregionaldigital.com.br\/index.php?rest_route=\/wp\/v2\/posts\/75813\/revisions"}],"wp:featuredmedia":[{"embeddable":true,"href":"https:\/\/diarioregionaldigital.com.br\/index.php?rest_route=\/wp\/v2\/media\/75812"}],"wp:attachment":[{"href":"https:\/\/diarioregionaldigital.com.br\/index.php?rest_route=%2Fwp%2Fv2%2Fmedia&parent=75813"}],"wp:term":[{"taxonomy":"category","embeddable":true,"href":"https:\/\/diarioregionaldigital.com.br\/index.php?rest_route=%2Fwp%2Fv2%2Fcategories&post=75813"},{"taxonomy":"post_tag","embeddable":true,"href":"https:\/\/diarioregionaldigital.com.br\/index.php?rest_route=%2Fwp%2Fv2%2Ftags&post=75813"}],"curies":[{"name":"wp","href":"https:\/\/api.w.org\/{rel}","templated":true}]}}