{"id":75811,"date":"2017-06-21T23:35:48","date_gmt":"2017-06-22T02:35:48","guid":{"rendered":"http:\/\/diarioregionaljf.com.br\/2017\/06\/21\/inscricao-para-graduacao-a-distancia-na-ufjf-termina-nesta-sexta-feira\/"},"modified":"2017-06-21T23:35:48","modified_gmt":"2017-06-22T02:35:48","slug":"inscricao-para-graduacao-a-distancia-na-ufjf-termina-nesta-sexta-feira","status":"publish","type":"post","link":"https:\/\/diarioregionaldigital.com.br\/?p=75811","title":{"rendered":"Inscri\u00e7\u00e3o para gradua\u00e7\u00e3o a dist\u00e2ncia na UFJF termina nesta sexta-feira"},"content":{"rendered":"<p>Interessados em cursar gradua\u00e7\u00e3o a dist\u00e2ncia pela Universidade Federal de Juiz de Fora (UFJF) t\u00eam at\u00e9 as 15h, dessa sexta-feira, dia 23, para se inscrever. S\u00e3o oferecidas 652 vagas para quatro cursos: Licenciaturas em Computa\u00e7\u00e3o, em Educa\u00e7\u00e3o F\u00edsica, em Matem\u00e1tica e em Pedagogia, em 13 polos de apoio presencial da Universidade Aberta do Brasil (UAB) \u2013 Bicas, Boa Esperan\u00e7a, Cataguases, Conselheiro Lafaiete, Governador Valadares, Ilic\u00ednea, Juiz de Fora, Lagoa Santa, Santa Rita de Caldas, Sete Lagoas, Tim\u00f3teo, Tiradentes e Ub\u00e1. Os cursos e as vagas, no entanto, variam conforme o polo.<\/p>\n<p>Os interessados poder\u00e3o optar por duas modalidades de ingresso: Processo Seletivo de Provas, concorrendo a propor\u00e7\u00e3o de 70% do total das vagas, ou aproveitamento da pontua\u00e7\u00e3o obtida em uma das duas mais recentes edi\u00e7\u00f5es (2015 ou 2016) do Exame Nacional do Ensino M\u00e9dio (Enem), concorrendo a propor\u00e7\u00e3o de 30% do total das vagas. De acordo com o edital, o candidato concorre apenas \u00e0s vagas destinadas ao curso e ao polo para o qual originariamente tenha se cadastrado. Al\u00e9m disso, n\u00e3o \u00e9 permitido se inscrever em ambas modalidades de sele\u00e7\u00e3o e em mais de um curso\/polo.<\/p>\n<h4>PROVAS<\/h4>\n<p>O exame ser\u00e1 aplicado no dia 16 de julho, em Juiz de Fora, Governador Valadares, Boa Esperan\u00e7a e Sete Lagoas. As provas ser\u00e3o realizadas em um \u00fanico dia, nos hor\u00e1rios das 9h \u00e0s 12h (primeira prova presencial) e das 14h \u00e0s 18h (segunda prova presencial), exclusivamente na cidade para a qual o interessado se inscrever, em locais a serem divulgados em seu comprovante definitivo de inscri\u00e7\u00e3o, que ser\u00e1 obtido, exclusivamente, pelo site da Copese.<\/p>\n<h4>INSCRI\u00c7\u00d5ES<\/h4>\n<p>Os candidatos devem se inscrever, somente on-line no site da Copese, de acordo com as instru\u00e7\u00f5es a seguir:<\/p>\n<p>No per\u00edodo de cadastramento da inscri\u00e7\u00e3o, o candidato deve ler atentamente as instru\u00e7\u00f5es e preencher o formul\u00e1rio, com seus dados completos e envi\u00e1-los eletronicamente. Em seguida, dever\u00e1 imprimir a Guia de Recolhimento da Uni\u00e3o (GRU) correspondente \u00e0 taxa de inscri\u00e7\u00e3o, no valor de R$ 100 e efetuar o pagamento da GRU, obrigat\u00f3ria e exclusivamente no Banco do Brasil, conforme expediente banc\u00e1rio, dentro do prazo definido pelo edital. O comprovante definitivo de inscri\u00e7\u00e3o deve ser impresso a partir das 15 h do dia 11 de julho, no site da Copese.<\/p>\n<h4>RESULTADO<\/h4>\n<p>O gabarito das provas objetivas do processo seletivo espec\u00edfico ser\u00e1 divulgado \u00e0s 9h do dia 17 de julho, e o resultado final no dia 31 de julho, a partir das 15h, no site da Copese.<\/p>\n<p>O edital completo pode ser conferido em http:\/\/www.ufjf.br\/copese\/files\/2017\/05\/EDITAL-EAD-UFJF-2017.pdf. Para outras informa\u00e7\u00f5es, os interessados devem entrar em contato com a Coordena\u00e7\u00e3o Geral de Processos Seletivos da UFJF, pelos telefones (32) 2102-3738 ou (32)2102- 3755.<\/p>\n<p>Fonte: Assessoria<\/p>\n","protected":false},"excerpt":{"rendered":"<p>Interessados em cursar gradua\u00e7\u00e3o a dist\u00e2ncia pela Universidade Federal de Juiz de Fora (UFJF) t\u00eam at\u00e9 as 15h, dessa sexta-feira, dia 23, para se inscrever. S\u00e3o oferecidas 652 vagas para quatro cursos: Licenciaturas em Computa\u00e7\u00e3o, em Educa\u00e7\u00e3o F\u00edsica, em Matem\u00e1tica e em Pedagogia, em 13 polos de apoio presencial da Universidade Aberta do Brasil (UAB) [&hellip;]<\/p>\n","protected":false},"author":96,"featured_media":0,"comment_status":"closed","ping_status":"closed","sticky":false,"template":"","format":"standard","meta":{"footnotes":""},"categories":[280],"tags":[],"class_list":["post-75811","post","type-post","status-publish","format-standard","hentry","category-concurso"],"_links":{"self":[{"href":"https:\/\/diarioregionaldigital.com.br\/index.php?rest_route=\/wp\/v2\/posts\/75811","targetHints":{"allow":["GET"]}}],"collection":[{"href":"https:\/\/diarioregionaldigital.com.br\/index.php?rest_route=\/wp\/v2\/posts"}],"about":[{"href":"https:\/\/diarioregionaldigital.com.br\/index.php?rest_route=\/wp\/v2\/types\/post"}],"author":[{"embeddable":true,"href":"https:\/\/diarioregionaldigital.com.br\/index.php?rest_route=\/wp\/v2\/users\/96"}],"replies":[{"embeddable":true,"href":"https:\/\/diarioregionaldigital.com.br\/index.php?rest_route=%2Fwp%2Fv2%2Fcomments&post=75811"}],"version-history":[{"count":0,"href":"https:\/\/diarioregionaldigital.com.br\/index.php?rest_route=\/wp\/v2\/posts\/75811\/revisions"}],"wp:attachment":[{"href":"https:\/\/diarioregionaldigital.com.br\/index.php?rest_route=%2Fwp%2Fv2%2Fmedia&parent=75811"}],"wp:term":[{"taxonomy":"category","embeddable":true,"href":"https:\/\/diarioregionaldigital.com.br\/index.php?rest_route=%2Fwp%2Fv2%2Fcategories&post=75811"},{"taxonomy":"post_tag","embeddable":true,"href":"https:\/\/diarioregionaldigital.com.br\/index.php?rest_route=%2Fwp%2Fv2%2Ftags&post=75811"}],"curies":[{"name":"wp","href":"https:\/\/api.w.org\/{rel}","templated":true}]}}