{"id":75802,"date":"2017-06-21T22:45:40","date_gmt":"2017-06-22T01:45:40","guid":{"rendered":"http:\/\/diarioregionaljf.com.br\/2017\/06\/21\/beleza-3-2\/"},"modified":"2017-06-21T22:45:40","modified_gmt":"2017-06-22T01:45:40","slug":"beleza-3-2","status":"publish","type":"post","link":"https:\/\/diarioregionaldigital.com.br\/?p=75802","title":{"rendered":"Beleza"},"content":{"rendered":"<p style=\"text-align: center;\"><span class=\"h4\">Beleza<\/span><br \/>A editora Aut\u00eantica relan\u00e7ar\u00e1 na famosa feira de livros, Flip, o livro \u201cA vida de Lima Barreto\u201d, de Francisco de Assis Barbosa. N\u00e3o por acaso, claro, j\u00e1 que o autor de \u201cTriste fim de Policarpo Quaresma\u201d (1911) \u00e9 o grande homenageado da edi\u00e7\u00e3o deste ano do festival liter\u00e1rio.<\/p>\n<p style=\"text-align: center;\"><span class=\"h4\">Educa\u00e7\u00e3o<\/span><br \/>Este colunista fez uma pesquisa e chegou a conclus\u00e3o que a nossa tend\u00eancia \u00e9 pensar que h\u00e1 um mundo em que todos cursar\u00e3o uma faculdade. Na pr\u00e1tica, por\u00e9m h\u00e1 um n\u00famero reduzido de pessoas que de fato conseguem chegar e se manter nas universidades. Isso porque h\u00e1 um custo alto para isso. Ent\u00e3o, infelizmente, chegamos a conclus\u00e3o que ensino superior n\u00e3o \u00e9 para todos.<\/p>\n<p style=\"text-align: center;\"><span class=\"h4\">Olha s\u00f3<\/span><br \/>Na decis\u00e3o do prefeito do Rio de Janeiro de reduzir \u00e0 metade os recursos municipais dedicados \u00e0s escolas de samba do Grupo Especial, causa espanto n\u00e3o a vers\u00e3o \u00e0 festa mas a in\u00e9pcia de Marcelo Crivella como gestor. Na asfixia \u00e0s escolas de samba, o prefeito Crivella apequenou o Rio e a si pr\u00f3prio. Surpreende o desconhecimento, sua postura moderna de servi\u00e7os. O samba n\u00e3o pode morrer!<\/p>\n<p style=\"text-align: center;\"><span class=\"h4\">Ela Merece<\/span><br \/>A Academia Brasileira de Letras (ABL) aprovou mo\u00e7\u00e3o de solidariedade a jornalista Miriam Leit\u00e3o. Os acad\u00eamicos C\u00edcero Sandroni, Rosiska Darcy de Oliveira e Ana Maria Machado denunciaram o clima de \u00f3dio e intoler\u00e2ncia na nossa pol\u00edtica.<\/p>\n<p style=\"text-align: center;\"><span class=\"h4\">Lan\u00e7amento Nacional<\/span><br \/>Em estilo que faz a diferen\u00e7a o Cine OP \u2013 12\u00aa Mostra de Cinema de Ouro Preto, a acontecer de 21 a 26 de junho, com enfoque sobre pr\u00e9-lan\u00e7amentos do cinema nacional e \u00e1udio-visuais, j\u00e1 tem um lan\u00e7amento de destaque programado para o dia 22: o longa-metragem Desarquivando Alice, dirigido por Betse de Paula. Focaliza a vida de Alice Gonzada, produtora, escritora e pesquisadora do cinema.<\/p>\n<p style=\"text-align: center;\"><img decoding=\"async\" class=\" size-full wp-image-75794\" src=\"http:\/\/diarioregionaljf.com.br\/wp-content\/uploads\/2017\/06\/diario-int-17037-1.jpg\" alt=\"FOTOA.jpg\" width=\"680\" style=\"display: block; margin-left: auto; margin-right: auto;\" srcset=\"https:\/\/diarioregionaldigital.com.br\/wp-content\/uploads\/2017\/06\/diario-int-17037-1.jpg 680w, https:\/\/diarioregionaldigital.com.br\/wp-content\/uploads\/2017\/06\/diario-int-17037-1-300x199.jpg 300w, https:\/\/diarioregionaldigital.com.br\/wp-content\/uploads\/2017\/06\/diario-int-17037-1-360x238.jpg 360w\" sizes=\"(max-width: 680px) 100vw, 680px\" \/>Em seu \u201cDia D\u201d durante sess\u00e3o flor de laranjeira na Catedral de Leopoldina, a psic\u00f3loga Larissa Machado e o Tenente do Ex\u00e9rcito Vin\u00edcius de Freitas Cardilo<\/p>\n<p style=\"text-align: center;\"><img decoding=\"async\" class=\" size-full wp-image-75795\" src=\"http:\/\/diarioregionaljf.com.br\/wp-content\/uploads\/2017\/06\/diario-int-17037-2.jpg\" alt=\"FOTOB.jpg\" width=\"680\" style=\"display: block; margin-left: auto; margin-right: auto;\" srcset=\"https:\/\/diarioregionaldigital.com.br\/wp-content\/uploads\/2017\/06\/diario-int-17037-2.jpg 680w, https:\/\/diarioregionaldigital.com.br\/wp-content\/uploads\/2017\/06\/diario-int-17037-2-300x199.jpg 300w, https:\/\/diarioregionaldigital.com.br\/wp-content\/uploads\/2017\/06\/diario-int-17037-2-360x238.jpg 360w\" sizes=\"(max-width: 680px) 100vw, 680px\" \/>No Turunas durante a entrega do Trof\u00e9u Pimpinela, Mestre Jansen (homenageado) com Eduardo Gomes<\/p>\n<p style=\"text-align: center;\"><img decoding=\"async\" class=\" size-full wp-image-75796\" src=\"http:\/\/diarioregionaljf.com.br\/wp-content\/uploads\/2017\/06\/diario-int-17037-3.jpg\" alt=\"AA.jpg\" width=\"680\" style=\"display: block; margin-left: auto; margin-right: auto;\" srcset=\"https:\/\/diarioregionaldigital.com.br\/wp-content\/uploads\/2017\/06\/diario-int-17037-3.jpg 680w, https:\/\/diarioregionaldigital.com.br\/wp-content\/uploads\/2017\/06\/diario-int-17037-3-300x199.jpg 300w, https:\/\/diarioregionaldigital.com.br\/wp-content\/uploads\/2017\/06\/diario-int-17037-3-360x238.jpg 360w\" sizes=\"(max-width: 680px) 100vw, 680px\" \/>Oswaldo Braga e Marcos Trajano festejam com o MGM o lan\u00e7amento do documentario da cantora Sandra Portella, hoje no Botec\u00e1rio as 21h<\/p>\n<p style=\"text-align: center;\"><img decoding=\"async\" class=\" size-full wp-image-75797\" src=\"http:\/\/diarioregionaljf.com.br\/wp-content\/uploads\/2017\/06\/diario-int-17037-4.JPG\" alt=\"FOTOC.JPG\" width=\"680\" style=\"display: block; margin-left: auto; margin-right: auto;\" srcset=\"https:\/\/diarioregionaldigital.com.br\/wp-content\/uploads\/2017\/06\/diario-int-17037-4.JPG 680w, https:\/\/diarioregionaldigital.com.br\/wp-content\/uploads\/2017\/06\/diario-int-17037-4-300x199.jpg 300w, https:\/\/diarioregionaldigital.com.br\/wp-content\/uploads\/2017\/06\/diario-int-17037-4-360x238.jpg 360w\" sizes=\"(max-width: 680px) 100vw, 680px\" \/>No Capit\u00f3lio durante a Feijoada CR, Cl\u00e1udia Matos<\/p>\n<p style=\"text-align: center;\"><img decoding=\"async\" class=\" size-full wp-image-75798\" src=\"http:\/\/diarioregionaljf.com.br\/wp-content\/uploads\/2017\/06\/diario-int-17037-5.jpg\" alt=\"FOTOD.jpg\" width=\"680\" style=\"display: block; margin-left: auto; margin-right: auto;\" srcset=\"https:\/\/diarioregionaldigital.com.br\/wp-content\/uploads\/2017\/06\/diario-int-17037-5.jpg 680w, https:\/\/diarioregionaldigital.com.br\/wp-content\/uploads\/2017\/06\/diario-int-17037-5-300x199.jpg 300w, https:\/\/diarioregionaldigital.com.br\/wp-content\/uploads\/2017\/06\/diario-int-17037-5-360x238.jpg 360w\" sizes=\"(max-width: 680px) 100vw, 680px\" \/>Elegantes no Bar Salvaterra, Wanda Magnolo, Myrliane Le\u00e3o e Silvana Paiva<\/p>\n<p style=\"text-align: center;\"><img decoding=\"async\" class=\" size-full wp-image-75799\" src=\"http:\/\/diarioregionaljf.com.br\/wp-content\/uploads\/2017\/06\/diario-int-17037-6.jpg\" alt=\"FOTOJ.jpg\" width=\"680\" style=\"display: block; margin-left: auto; margin-right: auto;\" srcset=\"https:\/\/diarioregionaldigital.com.br\/wp-content\/uploads\/2017\/06\/diario-int-17037-6.jpg 680w, https:\/\/diarioregionaldigital.com.br\/wp-content\/uploads\/2017\/06\/diario-int-17037-6-300x199.jpg 300w, https:\/\/diarioregionaldigital.com.br\/wp-content\/uploads\/2017\/06\/diario-int-17037-6-360x238.jpg 360w\" sizes=\"(max-width: 680px) 100vw, 680px\" \/>Curtindo viagem internacional, o ator mineiro Marcos Ot\u00e1vio<\/p>\n<p style=\"text-align: center;\"><img decoding=\"async\" class=\" size-full wp-image-75800\" src=\"http:\/\/diarioregionaljf.com.br\/wp-content\/uploads\/2017\/06\/diario-int-17037-7.jpg\" alt=\"FOTOG.jpg\" width=\"680\" style=\"display: block; margin-left: auto; margin-right: auto;\" srcset=\"https:\/\/diarioregionaldigital.com.br\/wp-content\/uploads\/2017\/06\/diario-int-17037-7.jpg 680w, https:\/\/diarioregionaldigital.com.br\/wp-content\/uploads\/2017\/06\/diario-int-17037-7-300x199.jpg 300w, https:\/\/diarioregionaldigital.com.br\/wp-content\/uploads\/2017\/06\/diario-int-17037-7-360x238.jpg 360w\" sizes=\"(max-width: 680px) 100vw, 680px\" \/>Aline e J\u00e9ssica Bissoli Tolomelli, lindas no Olynpo<\/p>\n<p style=\"text-align: center;\"><img decoding=\"async\" class=\" size-full wp-image-75801\" src=\"http:\/\/diarioregionaljf.com.br\/wp-content\/uploads\/2017\/06\/diario-int-17037-8.jpg\" alt=\"FOTOH.jpg\" width=\"680\" style=\"display: block; margin-left: auto; margin-right: auto;\" srcset=\"https:\/\/diarioregionaldigital.com.br\/wp-content\/uploads\/2017\/06\/diario-int-17037-8.jpg 680w, https:\/\/diarioregionaldigital.com.br\/wp-content\/uploads\/2017\/06\/diario-int-17037-8-266x300.jpg 266w, https:\/\/diarioregionaldigital.com.br\/wp-content\/uploads\/2017\/06\/diario-int-17037-8-360x407.jpg 360w\" sizes=\"(max-width: 680px) 100vw, 680px\" \/>Em Cataguases, o produtor e estilista Rodson C\u00farcio<\/p>\n<p class=\"h4\" style=\"text-align: center;\">FOTOSS\u00cdNTESE<\/p>\n<p>Recebendo muitos aplausos, a faculdade de Gest\u00e3o Ambiental do Instituto Vianna J\u00fanior recebeu nota 5, m\u00e1xima na avalia\u00e7\u00e3o do MEC. O curso passou por uma visita e avaliou a infraestrutura, Coordena\u00e7\u00e3o, Dire\u00e7\u00e3o, laborat\u00f3rio, material did\u00e1tico, entre outros quesitos.<\/p>\n<p>Bravo guerreiro, Felipe Augusto Miana \u00e9 \u00fanico representante do Brasil (40 anos) no Torneio Internacional de T\u00eanis, que acontece em Miraflores, em Lima, no Peru. Com ele estar\u00e1 na plateia torcendo, sua mulher Erika Duarte Neto Miana.<\/p>\n<p>A Biblioteca da Faculdade Univertix, em Tr\u00eas Rios (RJ), levar\u00e1 o nome da escritora de Juiz de Fora, Maria Helena Sleutjes. Ent\u00e3o, palmas para ela.<\/p>\n<p>Acompanhado pelo superintendente do Museu Mariano Proc\u00f3pio, Ant\u00f4nio Carlos Duarte e pelo gerente de planejamento e manejo do parque, Dirceu Falce, o presidente do Clube de Engenharia, Jo\u00e3o Carlos Navarro visitou o espa\u00e7o cultural, com propostas de estreitar la\u00e7os.<\/p>\n<p>Aten\u00e7\u00e3o: em setembro este colunista promove a Noite de Gala com a premia\u00e7\u00e3o Os Melhores De 2017.<\/p>\n<p>Talentoso e carism\u00e1tico, o fot\u00f3grafo Jonhnny Pio foi o respons\u00e1vel pelos belos cliques do anivers\u00e1rio de 90 anos da elegante Dona Iracema da Silva Chehuen.<\/p>\n<p>Digna de todos os elogios, a professora Margareth Marinho arrasa na coordena\u00e7\u00e3o do Projeto Escola de Escritores da Biblioteca Municipal Murilo Mendes.<\/p>\n<p>Ser\u00e1 neste s\u00e1bado (24), o conceituado curso de fotografia da \u2018expert\u2019 Gleice Lisboa, no Multiespa\u00e7o.<\/p>\n<p>Sess\u00e3o flor de laranjeira vai unir em casamento dia 24 de junho, na Matriz de Nossa Senhora do Carmo, o bonito casal D\u00e9bora Carielo e Jo\u00e3o Paulo de Castro Ferreira.<\/p>\n<p>O Spazio Design est\u00e1 expondo at\u00e9 30 de junho a mostra com o tema \u201cImpermanesc\u00eancias Corp\u00f3reas\u201d. Nos cavaletes, pinturas de Adauto Venturini, Guilherme Melich e Isabella Campos.<\/p>\n<p>Aten\u00e7\u00e3o pessoal: Afastar-se de gente chata rejuvenesce mais que botox. Bom dia!<\/p>\n","protected":false},"excerpt":{"rendered":"<p>BelezaA editora Aut\u00eantica relan\u00e7ar\u00e1 na famosa feira de livros, Flip, o livro \u201cA vida de Lima Barreto\u201d, de Francisco de Assis Barbosa. N\u00e3o por acaso, claro, j\u00e1 que o autor de \u201cTriste fim de Policarpo Quaresma\u201d (1911) \u00e9 o grande homenageado da edi\u00e7\u00e3o deste ano do festival liter\u00e1rio. Educa\u00e7\u00e3oEste colunista fez uma pesquisa e chegou [&hellip;]<\/p>\n","protected":false},"author":96,"featured_media":75793,"comment_status":"closed","ping_status":"closed","sticky":false,"template":"","format":"standard","meta":{"footnotes":""},"categories":[264],"tags":[],"class_list":["post-75802","post","type-post","status-publish","format-standard","has-post-thumbnail","hentry","category-eduardo-gomes"],"_links":{"self":[{"href":"https:\/\/diarioregionaldigital.com.br\/index.php?rest_route=\/wp\/v2\/posts\/75802","targetHints":{"allow":["GET"]}}],"collection":[{"href":"https:\/\/diarioregionaldigital.com.br\/index.php?rest_route=\/wp\/v2\/posts"}],"about":[{"href":"https:\/\/diarioregionaldigital.com.br\/index.php?rest_route=\/wp\/v2\/types\/post"}],"author":[{"embeddable":true,"href":"https:\/\/diarioregionaldigital.com.br\/index.php?rest_route=\/wp\/v2\/users\/96"}],"replies":[{"embeddable":true,"href":"https:\/\/diarioregionaldigital.com.br\/index.php?rest_route=%2Fwp%2Fv2%2Fcomments&post=75802"}],"version-history":[{"count":0,"href":"https:\/\/diarioregionaldigital.com.br\/index.php?rest_route=\/wp\/v2\/posts\/75802\/revisions"}],"wp:featuredmedia":[{"embeddable":true,"href":"https:\/\/diarioregionaldigital.com.br\/index.php?rest_route=\/wp\/v2\/media\/75793"}],"wp:attachment":[{"href":"https:\/\/diarioregionaldigital.com.br\/index.php?rest_route=%2Fwp%2Fv2%2Fmedia&parent=75802"}],"wp:term":[{"taxonomy":"category","embeddable":true,"href":"https:\/\/diarioregionaldigital.com.br\/index.php?rest_route=%2Fwp%2Fv2%2Fcategories&post=75802"},{"taxonomy":"post_tag","embeddable":true,"href":"https:\/\/diarioregionaldigital.com.br\/index.php?rest_route=%2Fwp%2Fv2%2Ftags&post=75802"}],"curies":[{"name":"wp","href":"https:\/\/api.w.org\/{rel}","templated":true}]}}