{"id":75762,"date":"2017-06-21T00:42:47","date_gmt":"2017-06-21T03:42:47","guid":{"rendered":"http:\/\/diarioregionaljf.com.br\/2017\/06\/21\/fluminense-vai-em-busca-de-pontos-contra-o-avai\/"},"modified":"2017-06-21T00:42:47","modified_gmt":"2017-06-21T03:42:47","slug":"fluminense-vai-em-busca-de-pontos-contra-o-avai","status":"publish","type":"post","link":"https:\/\/diarioregionaldigital.com.br\/?p=75762","title":{"rendered":"FLUMINENSE VAI EM BUSCA DE PONTOS CONTRA O AVA\u00cd"},"content":{"rendered":"<p>O Fluminense estreou no Campeonato Brasileiro com discurso de que brigaria pelo t\u00edtulo e por vaga na Copa Libertadores. Mas, ap\u00f3s oito rodadas disputadas, o time carioca ocupa somente a nona coloca\u00e7\u00e3o da tabela e vem de quatro jogos sem vit\u00f3rias. Para o zagueiro Henrique, que \u00e9 o capit\u00e3o da equipe, as les\u00f5es no elenco v\u00eam atrapalhando o rendimento da equipe. O tricolor vai em busca de pontos no sul do pa\u00eds.<\/p>\n<p>Chegou a hora que o torcedor do Ava\u00ed tanto esperava: o lateral-direito Maicon, ex-Sele\u00e7\u00e3o Brasileira, finalmente vai estrear no Campeonato Brasileiro. Ele est\u00e1 confirmado pelo t\u00e9cnico Claudinei Oliveira para esta quarta-feira, \u00e0s 21h45, no time que enfrentar\u00e1 o Fluminense na Ressacada, em Florian\u00f3polis, pela 9\u00aa rodada. Lanterna da competi\u00e7\u00e3o, os catarinenses ainda n\u00e3o perderam nenhuma partida dentro de casa.<\/p>\n<p>O Fluminense est\u00e1 escalado com: J\u00falio C\u00e9sar; Lucas, Henrique, Reginaldo e Mascarenhas (L\u00e9o); Orejuela, Mateus Norton (Marquinho) e Scarpa; Marcos Calazans, Richarlison e Henrique Dourado. T\u00e9cnico: Abel Braga<\/p>\n","protected":false},"excerpt":{"rendered":"<p>O Fluminense estreou no Campeonato Brasileiro com discurso de que brigaria pelo t\u00edtulo e por vaga na Copa Libertadores. Mas, ap\u00f3s oito rodadas disputadas, o time carioca ocupa somente a nona coloca\u00e7\u00e3o da tabela e vem de quatro jogos sem vit\u00f3rias. Para o zagueiro Henrique, que \u00e9 o capit\u00e3o da equipe, as les\u00f5es no elenco [&hellip;]<\/p>\n","protected":false},"author":96,"featured_media":0,"comment_status":"closed","ping_status":"closed","sticky":false,"template":"","format":"standard","meta":{"footnotes":""},"categories":[257],"tags":[],"class_list":["post-75762","post","type-post","status-publish","format-standard","hentry","category-esporte"],"_links":{"self":[{"href":"https:\/\/diarioregionaldigital.com.br\/index.php?rest_route=\/wp\/v2\/posts\/75762","targetHints":{"allow":["GET"]}}],"collection":[{"href":"https:\/\/diarioregionaldigital.com.br\/index.php?rest_route=\/wp\/v2\/posts"}],"about":[{"href":"https:\/\/diarioregionaldigital.com.br\/index.php?rest_route=\/wp\/v2\/types\/post"}],"author":[{"embeddable":true,"href":"https:\/\/diarioregionaldigital.com.br\/index.php?rest_route=\/wp\/v2\/users\/96"}],"replies":[{"embeddable":true,"href":"https:\/\/diarioregionaldigital.com.br\/index.php?rest_route=%2Fwp%2Fv2%2Fcomments&post=75762"}],"version-history":[{"count":0,"href":"https:\/\/diarioregionaldigital.com.br\/index.php?rest_route=\/wp\/v2\/posts\/75762\/revisions"}],"wp:attachment":[{"href":"https:\/\/diarioregionaldigital.com.br\/index.php?rest_route=%2Fwp%2Fv2%2Fmedia&parent=75762"}],"wp:term":[{"taxonomy":"category","embeddable":true,"href":"https:\/\/diarioregionaldigital.com.br\/index.php?rest_route=%2Fwp%2Fv2%2Fcategories&post=75762"},{"taxonomy":"post_tag","embeddable":true,"href":"https:\/\/diarioregionaldigital.com.br\/index.php?rest_route=%2Fwp%2Fv2%2Ftags&post=75762"}],"curies":[{"name":"wp","href":"https:\/\/api.w.org\/{rel}","templated":true}]}}