{"id":75761,"date":"2017-06-21T00:42:02","date_gmt":"2017-06-21T03:42:02","guid":{"rendered":"http:\/\/diarioregionaljf.com.br\/2017\/06\/21\/botafogo-x-vasco-rivais-voltam-a-se-encontrar-no-brasileirao\/"},"modified":"2017-06-21T00:42:02","modified_gmt":"2017-06-21T03:42:02","slug":"botafogo-x-vasco-rivais-voltam-a-se-encontrar-no-brasileirao","status":"publish","type":"post","link":"https:\/\/diarioregionaldigital.com.br\/?p=75761","title":{"rendered":"BOTAFOGO X VASCO: RIVAIS VOLTAM A SE ENCONTRAR NO BRASILEIR\u00c3O"},"content":{"rendered":"<p>Vasco e Botafogo passaram por momentos delicados nos \u00faltimos anos e se desencontraram no Campeonato Brasileiro, mas finalmente v\u00e3o se reencontrar. Ap\u00f3s quase quatro anos, os rivais voltam a se enfrentar na competi\u00e7\u00e3o nacional em jogo v\u00e1lido pela nona rodada, \u00e0s 21 horas desta quarta-feira, no Engenh\u00e3o, com transmiss\u00e3o da R\u00e1dio Globo AM 910.<\/p>\n<p>Durante esses anos, eles se enfrentaram apenas pelo Campeonato Carioca. O \u00faltimo Cl\u00e1ssico da Amizade em um Brasileir\u00e3o foi realizado no dia 20 de outubro de 2013, no Maracan\u00e3, e terminou em um empate por 2 a 2. Os desencontros aconteceram porque o Botafogo disputou a S\u00e9rie B em 2015 e Vasco em 2014 e 2016.<\/p>\n<p>O reencontro acontece em um momento prop\u00edcio para intensificar a rivalidade, j\u00e1 que se trata de um confronto direto. Os dois times est\u00e3o empatados com 12 pontos. O time cruzmaltino est\u00e1 na sexta coloca\u00e7\u00e3o, porque leva vantagem no n\u00famero de vit\u00f3rias (4 a 3) e o rival vem logo atr\u00e1s, em s\u00e9timo.<\/p>\n<p><strong>TABU<\/strong><br \/>Sem perder para o Botafogo h\u00e1 dez partidas, o Vasco quer manter o hist\u00f3rico diante do rival, e para isso vai contar com Luis Fabiano, que ser\u00e1 titular. O pr\u00f3prio atacante considerou o cl\u00e1ssico uma &#8220;\u00f3tima oportunidade&#8221; para o time conquistar os primeiros pontos fora de casa, mas descartou qualquer favoritismo.<\/p>\n<p>Luis Fabiano volta a atuar pelo Vasco fora de casa depois de ficar de fora nas partidas contra Gr\u00eamio e Chapecoense, como parte do planejamento do t\u00e9cnico Milton Mendes. E mesmo sem a confirma\u00e7\u00e3o do treinador, o jogador indicou que o time ser\u00e1 o mesmo da partida do \u00faltimo s\u00e1bado, ou seja, com Nen\u00ea tamb\u00e9m entre os titulares.<\/p>\n<p><strong>CONFIANTE<\/strong><br \/>Autor do segundo gol do Botafogo, na vit\u00f3ria sobre a Chapecoense, no \u00faltimo domingo, pelo Campeonato Brasileiro, o atacante Rodrigo Pimp\u00e3o concedeu entrevista coletiva nesta segunda-feira. Entre os assuntos abordados, o jogador chamou a aten\u00e7\u00e3o para a oportunidade de disputar um cl\u00e1ssico em casa.<\/p>\n<p>A principal novidade do Botafogo para o cl\u00e1ssico vai estar no banco de reservas. Ap\u00f3s um ano e um m\u00eas se recuperando de uma les\u00e3o no tr\u00edceps do bra\u00e7o esquerdo, o goleiro Jefferson voltou a ser relacionado para uma partida. Entretanto, ele fica no banco de reservas e GatitoFernand\u00e9z continua como titular. Camilo e Leandrinho tamb\u00e9m est\u00e3o de volta.<\/p>\n<p><img loading=\"lazy\" decoding=\"async\" class=\" size-full wp-image-75760\" src=\"http:\/\/diarioregionaljf.com.br\/wp-content\/uploads\/2017\/06\/diario-int-17019-1.jpg\" alt=\"jeferson botaf\" title=\"O goleiro J\u00e9fferson est\u00e1 de volta no banco de reservas do Botafogo.     Foto: Vitor Silva\/SSPress\/Botafogo\" width=\"680\" height=\"450\" srcset=\"https:\/\/diarioregionaldigital.com.br\/wp-content\/uploads\/2017\/06\/diario-int-17019-1.jpg 680w, https:\/\/diarioregionaldigital.com.br\/wp-content\/uploads\/2017\/06\/diario-int-17019-1-300x199.jpg 300w, https:\/\/diarioregionaldigital.com.br\/wp-content\/uploads\/2017\/06\/diario-int-17019-1-360x238.jpg 360w\" sizes=\"auto, (max-width: 680px) 100vw, 680px\" \/><\/p>\n<p><strong>BOTAFOGO:<\/strong> GatitoFernand\u00e9z; Arnaldo, Carli, Rabello e Victor Lu\u00eds; Bruno Silva, Lindoso e Jo\u00e3o Paulo; Montillo; Rodrigo Pimp\u00e3o e Roger<br \/>T\u00e9cnico: Jair Ventura<\/p>\n<p><strong>VASCO DA GAMA:<\/strong> Mart\u00edn Silva; Gilberto, Breno, Paul\u00e3o e Henrique; Jean, Douglas, Yago Pikachu, Mateus Vital e Nen\u00ea; Luis Fabiano.<br \/>T\u00e9cnico: Milton Mendes<\/p>\n","protected":false},"excerpt":{"rendered":"<p>Vasco e Botafogo passaram por momentos delicados nos \u00faltimos anos e se desencontraram no Campeonato Brasileiro, mas finalmente v\u00e3o se reencontrar. Ap\u00f3s quase quatro anos, os rivais voltam a se enfrentar na competi\u00e7\u00e3o nacional em jogo v\u00e1lido pela nona rodada, \u00e0s 21 horas desta quarta-feira, no Engenh\u00e3o, com transmiss\u00e3o da R\u00e1dio Globo AM 910. Durante [&hellip;]<\/p>\n","protected":false},"author":96,"featured_media":75759,"comment_status":"closed","ping_status":"closed","sticky":false,"template":"","format":"standard","meta":{"footnotes":""},"categories":[257],"tags":[],"class_list":["post-75761","post","type-post","status-publish","format-standard","has-post-thumbnail","hentry","category-esporte"],"_links":{"self":[{"href":"https:\/\/diarioregionaldigital.com.br\/index.php?rest_route=\/wp\/v2\/posts\/75761","targetHints":{"allow":["GET"]}}],"collection":[{"href":"https:\/\/diarioregionaldigital.com.br\/index.php?rest_route=\/wp\/v2\/posts"}],"about":[{"href":"https:\/\/diarioregionaldigital.com.br\/index.php?rest_route=\/wp\/v2\/types\/post"}],"author":[{"embeddable":true,"href":"https:\/\/diarioregionaldigital.com.br\/index.php?rest_route=\/wp\/v2\/users\/96"}],"replies":[{"embeddable":true,"href":"https:\/\/diarioregionaldigital.com.br\/index.php?rest_route=%2Fwp%2Fv2%2Fcomments&post=75761"}],"version-history":[{"count":0,"href":"https:\/\/diarioregionaldigital.com.br\/index.php?rest_route=\/wp\/v2\/posts\/75761\/revisions"}],"wp:featuredmedia":[{"embeddable":true,"href":"https:\/\/diarioregionaldigital.com.br\/index.php?rest_route=\/wp\/v2\/media\/75759"}],"wp:attachment":[{"href":"https:\/\/diarioregionaldigital.com.br\/index.php?rest_route=%2Fwp%2Fv2%2Fmedia&parent=75761"}],"wp:term":[{"taxonomy":"category","embeddable":true,"href":"https:\/\/diarioregionaldigital.com.br\/index.php?rest_route=%2Fwp%2Fv2%2Fcategories&post=75761"},{"taxonomy":"post_tag","embeddable":true,"href":"https:\/\/diarioregionaldigital.com.br\/index.php?rest_route=%2Fwp%2Fv2%2Ftags&post=75761"}],"curies":[{"name":"wp","href":"https:\/\/api.w.org\/{rel}","templated":true}]}}