{"id":75718,"date":"2017-06-20T19:48:16","date_gmt":"2017-06-20T22:48:16","guid":{"rendered":"http:\/\/diarioregionaljf.com.br\/2017\/06\/20\/operacao-conjunta-e-deflagrada-em-muriae-e-em-carangola\/"},"modified":"2017-06-20T19:48:16","modified_gmt":"2017-06-20T22:48:16","slug":"operacao-conjunta-e-deflagrada-em-muriae-e-em-carangola","status":"publish","type":"post","link":"https:\/\/diarioregionaldigital.com.br\/?p=75718","title":{"rendered":"Opera\u00e7\u00e3o conjunta \u00e9 deflagrada em Muria\u00e9 e em Carangola"},"content":{"rendered":"<p>A Pol\u00edcia Civil, em a\u00e7\u00e3o conjunta com a Pol\u00edcia Militar (PM), deflagrou na manh\u00e3 dessa ter\u00e7a-feira, 20, opera\u00e7\u00e3o em Muria\u00e9 e em Carangola, ap\u00f3s apura\u00e7\u00f5es do assalto ao posto de gasolina, ocorrido no in\u00edcio de junho, em Pedra Dourada. Na ocasi\u00e3o, minutos depois do crime, os policiais conseguiram apreender a motocicleta, os capacetes e as blusas que teriam sido utilizadas pelos autores.<\/p>\n<p>De acordo com informa\u00e7\u00f5es do delegado Di\u00eago Candian Alves, foram cumpridos tr\u00eas mandados de busca e apreens\u00e3o e dois mandados de pris\u00e3o tempor\u00e1ria, expedidos pelo ju\u00edzo da Comarca de Tombos. Um homem de 23 anos foi preso em Carangola e outro jovem de 22 anos foi localizado em Muria\u00e9. Durante as dilig\u00eancias, tamb\u00e9m foram apreendidos um casaco, uma faca e uma balan\u00e7a de precis\u00e3o em Carangola. J\u00e1 em Muria\u00e9, foram arrecadados aparelhos celulares e algumas roupas.<\/p>\n<p>Fonte: Assessoria<\/p>\n","protected":false},"excerpt":{"rendered":"<p>A Pol\u00edcia Civil, em a\u00e7\u00e3o conjunta com a Pol\u00edcia Militar (PM), deflagrou na manh\u00e3 dessa ter\u00e7a-feira, 20, opera\u00e7\u00e3o em Muria\u00e9 e em Carangola, ap\u00f3s apura\u00e7\u00f5es do assalto ao posto de gasolina, ocorrido no in\u00edcio de junho, em Pedra Dourada. Na ocasi\u00e3o, minutos depois do crime, os policiais conseguiram apreender a motocicleta, os capacetes e as [&hellip;]<\/p>\n","protected":false},"author":96,"featured_media":75717,"comment_status":"closed","ping_status":"closed","sticky":false,"template":"","format":"standard","meta":{"footnotes":""},"categories":[252],"tags":[],"class_list":["post-75718","post","type-post","status-publish","format-standard","has-post-thumbnail","hentry","category-regiao"],"_links":{"self":[{"href":"https:\/\/diarioregionaldigital.com.br\/index.php?rest_route=\/wp\/v2\/posts\/75718","targetHints":{"allow":["GET"]}}],"collection":[{"href":"https:\/\/diarioregionaldigital.com.br\/index.php?rest_route=\/wp\/v2\/posts"}],"about":[{"href":"https:\/\/diarioregionaldigital.com.br\/index.php?rest_route=\/wp\/v2\/types\/post"}],"author":[{"embeddable":true,"href":"https:\/\/diarioregionaldigital.com.br\/index.php?rest_route=\/wp\/v2\/users\/96"}],"replies":[{"embeddable":true,"href":"https:\/\/diarioregionaldigital.com.br\/index.php?rest_route=%2Fwp%2Fv2%2Fcomments&post=75718"}],"version-history":[{"count":0,"href":"https:\/\/diarioregionaldigital.com.br\/index.php?rest_route=\/wp\/v2\/posts\/75718\/revisions"}],"wp:featuredmedia":[{"embeddable":true,"href":"https:\/\/diarioregionaldigital.com.br\/index.php?rest_route=\/wp\/v2\/media\/75717"}],"wp:attachment":[{"href":"https:\/\/diarioregionaldigital.com.br\/index.php?rest_route=%2Fwp%2Fv2%2Fmedia&parent=75718"}],"wp:term":[{"taxonomy":"category","embeddable":true,"href":"https:\/\/diarioregionaldigital.com.br\/index.php?rest_route=%2Fwp%2Fv2%2Fcategories&post=75718"},{"taxonomy":"post_tag","embeddable":true,"href":"https:\/\/diarioregionaldigital.com.br\/index.php?rest_route=%2Fwp%2Fv2%2Ftags&post=75718"}],"curies":[{"name":"wp","href":"https:\/\/api.w.org\/{rel}","templated":true}]}}