{"id":75716,"date":"2017-06-20T19:42:42","date_gmt":"2017-06-20T22:42:42","guid":{"rendered":"http:\/\/diarioregionaljf.com.br\/2017\/06\/20\/matias-barbosa-promove-8-conferencia-municipal-de-saude\/"},"modified":"2017-06-20T19:42:42","modified_gmt":"2017-06-20T22:42:42","slug":"matias-barbosa-promove-8-conferencia-municipal-de-saude","status":"publish","type":"post","link":"https:\/\/diarioregionaldigital.com.br\/?p=75716","title":{"rendered":"Matias Barbosa promove 8\u00aa Confer\u00eancia Municipal de Sa\u00fade"},"content":{"rendered":"<p>Nos dias 23 e 24 de junho, acontece a 8\u00aa Confer\u00eancia Municipal de Sa\u00fade de Matias Barbosa. O evento \u00e9 uma realiza\u00e7\u00e3o do Conselho Municipal de Sa\u00fade, com o apoio da C\u00e2mara Municipal e da Prefeitura Municipal de Matias Barbosa. O objetivo \u00e9 avaliar a situa\u00e7\u00e3o da sa\u00fade, propor condi\u00e7\u00f5es de acesso, acolhimento, definir diretrizes e prioridades para as pol\u00edticas de sa\u00fade.<\/p>\n<p>Neste ano, o evento conta ainda com a realiza\u00e7\u00e3o da 1\u00aa Confer\u00eancia Municipal de Sa\u00fade das Mulheres e da 1\u00aa Confer\u00eancia Municipal de Vigil\u00e2ncia em Sa\u00fade. No dia 23, a abertura do evento acontece \u00e0s 19h, na C\u00e2mara Municipal. Durante a abertura, uma palestra sobre Sa\u00fade P\u00fablica: desafio por uma constru\u00e7\u00e3o coletiva vai ser ministrada pelo representante da superintend\u00eancia de Redes de Aten\u00e7\u00e3o \u00e0 Sa\u00fade da Secretaria de Estado de Sa\u00fade, Oleg Abramov.<\/p>\n<p>No dia 24, o evento tem in\u00edcio \u00e0s 7h30, na E. M. Lucy de Castro Cabral. O primeiro tema a ser abordado ser\u00e1 a Sa\u00fade p\u00fablica uma constru\u00e7\u00e3o coletiva: em que podemos avan\u00e7ar. A Sa\u00fade das Mulheres: desafios para a integralidade com equidade \u00e9 o segundo tema do dia, com palestra do psicanalista e diretor presidente da Coop. De Profissionais em Sa\u00fade Mental, Jos\u00e9 Eduardo Amorim. E finalizando, o tema Vigil\u00e2ncia em Sa\u00fade: direitos, conquistas e defesa de um SUS p\u00fablico e de qualidade vai ser abordado com palestra da coordenadora da \u00c1rea de Vigil\u00e2ncia em Sa\u00fade da SRS\/JF, Eliana Maria Alonso de Carvalho Fioravante.<\/p>\n<h4>Confira a programa\u00e7\u00e3o:<\/h4>\n<\/p>\n<p>Fonte: Assessoria<\/p>\n","protected":false},"excerpt":{"rendered":"<p>Nos dias 23 e 24 de junho, acontece a 8\u00aa Confer\u00eancia Municipal de Sa\u00fade de Matias Barbosa. O evento \u00e9 uma realiza\u00e7\u00e3o do Conselho Municipal de Sa\u00fade, com o apoio da C\u00e2mara Municipal e da Prefeitura Municipal de Matias Barbosa. O objetivo \u00e9 avaliar a situa\u00e7\u00e3o da sa\u00fade, propor condi\u00e7\u00f5es de acesso, acolhimento, definir diretrizes [&hellip;]<\/p>\n","protected":false},"author":96,"featured_media":75715,"comment_status":"closed","ping_status":"closed","sticky":false,"template":"","format":"standard","meta":{"footnotes":""},"categories":[252],"tags":[],"class_list":["post-75716","post","type-post","status-publish","format-standard","has-post-thumbnail","hentry","category-regiao"],"_links":{"self":[{"href":"https:\/\/diarioregionaldigital.com.br\/index.php?rest_route=\/wp\/v2\/posts\/75716","targetHints":{"allow":["GET"]}}],"collection":[{"href":"https:\/\/diarioregionaldigital.com.br\/index.php?rest_route=\/wp\/v2\/posts"}],"about":[{"href":"https:\/\/diarioregionaldigital.com.br\/index.php?rest_route=\/wp\/v2\/types\/post"}],"author":[{"embeddable":true,"href":"https:\/\/diarioregionaldigital.com.br\/index.php?rest_route=\/wp\/v2\/users\/96"}],"replies":[{"embeddable":true,"href":"https:\/\/diarioregionaldigital.com.br\/index.php?rest_route=%2Fwp%2Fv2%2Fcomments&post=75716"}],"version-history":[{"count":0,"href":"https:\/\/diarioregionaldigital.com.br\/index.php?rest_route=\/wp\/v2\/posts\/75716\/revisions"}],"wp:featuredmedia":[{"embeddable":true,"href":"https:\/\/diarioregionaldigital.com.br\/index.php?rest_route=\/wp\/v2\/media\/75715"}],"wp:attachment":[{"href":"https:\/\/diarioregionaldigital.com.br\/index.php?rest_route=%2Fwp%2Fv2%2Fmedia&parent=75716"}],"wp:term":[{"taxonomy":"category","embeddable":true,"href":"https:\/\/diarioregionaldigital.com.br\/index.php?rest_route=%2Fwp%2Fv2%2Fcategories&post=75716"},{"taxonomy":"post_tag","embeddable":true,"href":"https:\/\/diarioregionaldigital.com.br\/index.php?rest_route=%2Fwp%2Fv2%2Ftags&post=75716"}],"curies":[{"name":"wp","href":"https:\/\/api.w.org\/{rel}","templated":true}]}}