{"id":75705,"date":"2017-06-20T18:53:05","date_gmt":"2017-06-20T21:53:05","guid":{"rendered":"http:\/\/diarioregionaljf.com.br\/2017\/06\/20\/relator-conclui-leitura-de-parecer-da-pec-das-diretas\/"},"modified":"2017-06-20T18:53:05","modified_gmt":"2017-06-20T21:53:05","slug":"relator-conclui-leitura-de-parecer-da-pec-das-diretas","status":"publish","type":"post","link":"https:\/\/diarioregionaldigital.com.br\/?p=75705","title":{"rendered":"Relator conclui leitura de parecer da PEC das Diretas"},"content":{"rendered":"<p>O relator da Proposta de Emenda \u00e0 Constitui\u00e7\u00e3o 227\/2016, a PEC das elei\u00e7\u00f5es diretas, deputado Espiridi\u00e3o Amin (PP-SC), concluiu nessa ter\u00e7a-feira, 20, a leitura de seu parecer na Comiss\u00e3o de Constitui\u00e7\u00e3o, Justi\u00e7a e Cidadania da C\u00e2mara. Em seu voto, Amim argumenta que a PEC que prev\u00ea a convoca\u00e7\u00e3o de elei\u00e7\u00f5es diretas em caso de vac\u00e2ncia da Presid\u00eancia da Rep\u00fablica, n\u00e3o ofende nenhuma cl\u00e1usula p\u00e9trea da Constitui\u00e7\u00e3o Federal.<\/p>\n<p>Ao citar argumentos j\u00e1 expostos pela Procuradoria-Geral da Rep\u00fablica (PGR), o relator afirmou que a proposta prestigia o princ\u00edpio da soberania popular, pretende ampliar o voto direto e restringir a aplica\u00e7\u00e3o da elei\u00e7\u00e3o indireta somente ao caso de dupla vac\u00e2ncia ocorridas no \u00faltimo semestre do mandato.<\/p>\n<p>Logo ap\u00f3s a leitura do voto do relator, deputados da base aliada ao governo e da oposi\u00e7\u00e3o fizeram pedido de vista coletiva, procedimento que permite adiar a vota\u00e7\u00e3o por duas sess\u00f5es. O presidente da CCJ, deputado Rodrigo Pacheco (PMDB-MG) acatou os pedidos e encerrou a reuni\u00e3o.<\/p>\n<p>Os integrantes da comiss\u00e3o devem voltar a discutir o relat\u00f3rio lido pelo relator na pr\u00f3xima semana. Encerrado o per\u00edodo de debates, o parecer poder\u00e1 ser votado. Se a PEC for aprovada pela comiss\u00e3o, dever\u00e1 tamb\u00e9m ser discutida por uma comiss\u00e3o especial criada unicamente para analisar a mat\u00e9ria. E por fim, seguir\u00e1 para o plen\u00e1rio, onde para ser validada precisa de pelo menos 308 votos favor\u00e1veis, em dois turnos.<\/p>\n<p>De acordo com a proposta em discuss\u00e3o na CCJ, de autoria do deputado Miro Teixeira (Rede-RJ), se os cargos de presidente e vice-presidente da Rep\u00fablica ficarem vagos, deve ocorrer elei\u00e7\u00e3o direta em 90 dias depois de aberta a \u00faltima vaga. Se a vac\u00e2ncia ocorrer nos \u00faltimos seis meses do mandato, a PEC estabelece que a elei\u00e7\u00e3o ser\u00e1 indireta, ou seja, feita pelo Congresso Nacional, em 30 dias.<\/p>\n<p>Fonte: Ag\u00eancia Brasil<\/p>\n","protected":false},"excerpt":{"rendered":"<p>O relator da Proposta de Emenda \u00e0 Constitui\u00e7\u00e3o 227\/2016, a PEC das elei\u00e7\u00f5es diretas, deputado Espiridi\u00e3o Amin (PP-SC), concluiu nessa ter\u00e7a-feira, 20, a leitura de seu parecer na Comiss\u00e3o de Constitui\u00e7\u00e3o, Justi\u00e7a e Cidadania da C\u00e2mara. Em seu voto, Amim argumenta que a PEC que prev\u00ea a convoca\u00e7\u00e3o de elei\u00e7\u00f5es diretas em caso de vac\u00e2ncia [&hellip;]<\/p>\n","protected":false},"author":96,"featured_media":75704,"comment_status":"closed","ping_status":"closed","sticky":false,"template":"","format":"standard","meta":{"footnotes":""},"categories":[254],"tags":[],"class_list":["post-75705","post","type-post","status-publish","format-standard","has-post-thumbnail","hentry","category-politica"],"_links":{"self":[{"href":"https:\/\/diarioregionaldigital.com.br\/index.php?rest_route=\/wp\/v2\/posts\/75705","targetHints":{"allow":["GET"]}}],"collection":[{"href":"https:\/\/diarioregionaldigital.com.br\/index.php?rest_route=\/wp\/v2\/posts"}],"about":[{"href":"https:\/\/diarioregionaldigital.com.br\/index.php?rest_route=\/wp\/v2\/types\/post"}],"author":[{"embeddable":true,"href":"https:\/\/diarioregionaldigital.com.br\/index.php?rest_route=\/wp\/v2\/users\/96"}],"replies":[{"embeddable":true,"href":"https:\/\/diarioregionaldigital.com.br\/index.php?rest_route=%2Fwp%2Fv2%2Fcomments&post=75705"}],"version-history":[{"count":0,"href":"https:\/\/diarioregionaldigital.com.br\/index.php?rest_route=\/wp\/v2\/posts\/75705\/revisions"}],"wp:featuredmedia":[{"embeddable":true,"href":"https:\/\/diarioregionaldigital.com.br\/index.php?rest_route=\/wp\/v2\/media\/75704"}],"wp:attachment":[{"href":"https:\/\/diarioregionaldigital.com.br\/index.php?rest_route=%2Fwp%2Fv2%2Fmedia&parent=75705"}],"wp:term":[{"taxonomy":"category","embeddable":true,"href":"https:\/\/diarioregionaldigital.com.br\/index.php?rest_route=%2Fwp%2Fv2%2Fcategories&post=75705"},{"taxonomy":"post_tag","embeddable":true,"href":"https:\/\/diarioregionaldigital.com.br\/index.php?rest_route=%2Fwp%2Fv2%2Ftags&post=75705"}],"curies":[{"name":"wp","href":"https:\/\/api.w.org\/{rel}","templated":true}]}}