{"id":75688,"date":"2017-06-20T00:21:13","date_gmt":"2017-06-20T03:21:13","guid":{"rendered":"http:\/\/diarioregionaljf.com.br\/2017\/06\/20\/tupi-perde-para-o-lanterna-e-prega-reabilitacao-contra-o-botafogo-sp\/"},"modified":"2017-06-20T00:21:13","modified_gmt":"2017-06-20T03:21:13","slug":"tupi-perde-para-o-lanterna-e-prega-reabilitacao-contra-o-botafogo-sp","status":"publish","type":"post","link":"https:\/\/diarioregionaldigital.com.br\/?p=75688","title":{"rendered":"TUPI PERDE PARA O LANTERNA E PREGA REABILITA\u00c7\u00c3O CONTRA O BOTAFOGO-SP"},"content":{"rendered":"<p>Muita reclama\u00e7\u00e3o contra a arbitragem! Assim foi o p\u00f3s-jogo do Tupi ap\u00f3s a derrota para o Mogi Mirim, por 2 a 0, fora de casa. Depois de dominar o jogo por mais de 20 minutos e n\u00e3o marcar, o time paulista abriu o placar ap\u00f3s p\u00eanalti pol\u00eamico marcado pelo \u00e1rbitro. Todos os jogadores do Carij\u00f3 contestaram a marca\u00e7\u00e3o. Nem o \u00e1rbitro sabe que fez o p\u00eanalti.<\/p>\n<p>O gol abalou os jogadores e o alvinegro n\u00e3o teve compet\u00eancia para empatar. No fim ainda tomou o segundo gol. E o pior, perdeu o zagueiro Edm\u00e1rio, expulso e o volante Marcel, que recebeu o terceiro cart\u00e3o amarelo. O Tupi quer a reabilita\u00e7\u00e3o neste s\u00e1bado, 20h, contra o Botafogo-SP, em Juiz de Fora.<\/p>\n<p>No est\u00e1dio Vail Chaves, o Mogi Mirim abriu o placar de p\u00eanalti. Aos 31 minutos do primeiro tempo, Rodrigo deslocou o goleiro e colocou a equipe paulista na frente. Os mandantes sacramentaram a vit\u00f3ria na etapa final. Aos 39 minutos, Galego bateu na sa\u00edda de Paulo Henrique e fechou o marcador: 2 a 0. Apesar da primeira vit\u00f3ria, o Mogi segue na lanterna com quatro pontos. J\u00e1 o Galo Carij\u00f3 continua com oito pontos.<\/p>\n<p><strong>TOMBENSE EMPATA EM CASA<\/strong><br \/>Tombense e Bragantino passaram em branco e n\u00e3o balan\u00e7aram as redes do est\u00e1dio Ant\u00f4nio Guimar\u00e3es de Almeida. Com a igualdade, a equipe mineira chega a seis pontos e os paulistas ficam com nove na tabela.<\/p>\n","protected":false},"excerpt":{"rendered":"<p>Muita reclama\u00e7\u00e3o contra a arbitragem! Assim foi o p\u00f3s-jogo do Tupi ap\u00f3s a derrota para o Mogi Mirim, por 2 a 0, fora de casa. Depois de dominar o jogo por mais de 20 minutos e n\u00e3o marcar, o time paulista abriu o placar ap\u00f3s p\u00eanalti pol\u00eamico marcado pelo \u00e1rbitro. Todos os jogadores do Carij\u00f3 [&hellip;]<\/p>\n","protected":false},"author":96,"featured_media":75687,"comment_status":"closed","ping_status":"closed","sticky":false,"template":"","format":"standard","meta":{"footnotes":""},"categories":[257],"tags":[],"class_list":["post-75688","post","type-post","status-publish","format-standard","has-post-thumbnail","hentry","category-esporte"],"_links":{"self":[{"href":"https:\/\/diarioregionaldigital.com.br\/index.php?rest_route=\/wp\/v2\/posts\/75688","targetHints":{"allow":["GET"]}}],"collection":[{"href":"https:\/\/diarioregionaldigital.com.br\/index.php?rest_route=\/wp\/v2\/posts"}],"about":[{"href":"https:\/\/diarioregionaldigital.com.br\/index.php?rest_route=\/wp\/v2\/types\/post"}],"author":[{"embeddable":true,"href":"https:\/\/diarioregionaldigital.com.br\/index.php?rest_route=\/wp\/v2\/users\/96"}],"replies":[{"embeddable":true,"href":"https:\/\/diarioregionaldigital.com.br\/index.php?rest_route=%2Fwp%2Fv2%2Fcomments&post=75688"}],"version-history":[{"count":0,"href":"https:\/\/diarioregionaldigital.com.br\/index.php?rest_route=\/wp\/v2\/posts\/75688\/revisions"}],"wp:featuredmedia":[{"embeddable":true,"href":"https:\/\/diarioregionaldigital.com.br\/index.php?rest_route=\/wp\/v2\/media\/75687"}],"wp:attachment":[{"href":"https:\/\/diarioregionaldigital.com.br\/index.php?rest_route=%2Fwp%2Fv2%2Fmedia&parent=75688"}],"wp:term":[{"taxonomy":"category","embeddable":true,"href":"https:\/\/diarioregionaldigital.com.br\/index.php?rest_route=%2Fwp%2Fv2%2Fcategories&post=75688"},{"taxonomy":"post_tag","embeddable":true,"href":"https:\/\/diarioregionaldigital.com.br\/index.php?rest_route=%2Fwp%2Fv2%2Ftags&post=75688"}],"curies":[{"name":"wp","href":"https:\/\/api.w.org\/{rel}","templated":true}]}}