{"id":75682,"date":"2017-06-19T23:26:45","date_gmt":"2017-06-20T02:26:45","guid":{"rendered":"http:\/\/diarioregionaljf.com.br\/2017\/06\/19\/a-sabedoria-e-universal\/"},"modified":"2018-04-16T08:09:58","modified_gmt":"2018-04-16T11:09:58","slug":"a-sabedoria-e-universal","status":"publish","type":"post","link":"https:\/\/diarioregionaldigital.com.br\/?p=75682","title":{"rendered":"A sabedoria \u00e9 universal"},"content":{"rendered":"<p style=\"text-align: center;\"><span class=\"h4\">A sabedoria \u00e9 universal<\/span><br \/>As leis da f\u00edsica e da qu\u00edmica que se processam em algum astro long\u00ednquo da ab\u00f3bada celestial s\u00e3o as mesmas que dominam o nosso planeta e que dirigem as fun\u00e7\u00f5es internas do corpo humano. O Universo todo \u00e9 dirigido, pois, por uma mesma sabedoria. Isso significa que nosso pensamento e nosso desejo tamb\u00e9m s\u00e3o dirigidos pela sabedoria do Universo. \u00c9 como o ar que respiramos: n\u00e3o h\u00e1 distin\u00e7\u00e3o entre o &#8220;meu ar&#8221; e o &#8220;seu ar&#8221;. O ar que est\u00e1 no meu pulm\u00e3o \u00e9 o mesmo que est\u00e1 no seu. Ele \u00e9 universal e comum a todos, tal como a nossa sabedoria.<\/p>\n<p style=\"text-align: center;\"><span class=\"h4\">Deus se encontra em plenitude no Universo<\/span><br \/>Quando praticamos a Medita\u00e7\u00e3o Shinsokan, mentalizamos o seguinte: &#8220;\u00c9 oceano de infinita Sabedoria de Deus, \u00e9 oceano de infinito Amor de Deus, \u00e9 oceano de infinita Vida de Deus, \u00e9 oceano de infinita Provis\u00e3o de Deus, \u00e9 oceano de infinita Alegria de Deus, \u00e9 oceano de infinita Harmonia de Deus&#8230;&#8221;. O objetivo \u00e9 gravar profundo no inconsciente a presen\u00e7a universal e constante de Deus, tal como a \u00e1gua salgada que se estende de horizonte a horizonte no oceano. Entretanto, \u00e9 preciso esfor\u00e7o para conquistar o amor infinito, a sabedoria, a Vida e as provis\u00f5es de Deus se desejamos utilizar estas riquezas. A quantidade depende do tamanho do nosso recipiente que abrigar\u00e1 o amor, a sabedoria, a Vida e as provis\u00f5es de Deus. Ou, como nas emiss\u00f5es radiof\u00f4nicas, depende do grau da nossa sintonia com as ondas emanadas de Deus.<\/p>\n<p style=\"text-align: center;\"><span class=\"h4\">Por si s\u00f3 a mat\u00e9ria n\u00e3o consegue alterar a dire\u00e7\u00e3o do seu movimento<\/span><br \/>A mat\u00e9ria n\u00e3o tem capacidade de alterar voluntariamente a dire\u00e7\u00e3o do pr\u00f3prio movimento. Ela se move sempre na mesma dire\u00e7\u00e3o, por for\u00e7a da in\u00e9rcia. Para que inicie movimento novo e crie uma nova ordem, \u00e9 preciso lhe fornecer uma nova energia, capaz de alterar a dire\u00e7\u00e3o do movimento. Essa &#8220;nova energia&#8221; s\u00f3 pode vir da mente, pois s\u00f3 esta tem a capacidade de escolher e alterar a dire\u00e7\u00e3o e a ordem do movimento. Por isso, quando a mat\u00e9ria produz um corpo cristalizado utilizando determinada ordem e desenho, ou quando estrutura um sistema fisiol\u00f3gico num ser vivo, devemos concluir que existe uma &#8220;mente&#8221; orientando tais movimentos. Essa &#8220;mente&#8221; nada mais \u00e9 do que parte da sabedoria de Deus, abundante no Universo.<\/p>\n<p style=\"text-align: center;\"><span class=\"h4\">O esp\u00edrito de Deus movimenta o &#8220;nada&#8221;<\/span><br \/>Deus \u00e9 o esp\u00edrito de presen\u00e7a universal. Ele n\u00e3o tem forma. Quando a coisa amorfa se move produz ondas, tal como a onda do mar ou a onda atmosf\u00e9rica. Dividindo a mat\u00e9ria at\u00e9 o limite, chegamos ao quantum (no plural, quanta), que vem a ser a quantidade indivis\u00edvel. Seja esse quantum, seja o \u00e9ter hipot\u00e9tico \u2013 n\u00e3o importa o nome \u2013, s\u00e3o sempre ondas produzidas pelo nada.<br \/>Quem teria provocado ondas no mundo do nada? \u00c9 evidente que foi uma energia que transcende a mat\u00e9ria. Como consta no G\u00eanesis: &#8220;No princ\u00edpio, criou Deus o c\u00e9u e a terra. A terra, por\u00e9m, estava vazia e nua; e as trevas cobriam a face do abismo; e o esp\u00edrito de Deus era levado por cima das \u00e1guas&#8221;. O abismo e a \u00e1gua simbolizam o nada, coisa amorfa pass\u00edvel de ser modelada em qualquer forma. Nesse mundo do nada movimentou-se o esp\u00edrito de Deus para criar todas as coisas e seres do Universo.<\/p>\n<p style=\"text-align: center;\"><span class=\"h4\">Aquilo que est\u00e1 no interior do esp\u00edrito<\/span><br \/>Quando o esp\u00edrito movimentou o nada surgiu a sabedoria, e esta produziu a ordem e as leis. Atrav\u00e9s destas leis o esp\u00edrito criou todos os seres do Universo. O esp\u00edrito \u00e9 a fonte, e podemos afirmar que a sabedoria e a mente s\u00e3o a sua segunda manifesta\u00e7\u00e3o, enquanto a mat\u00e9ria \u00e9 a terceira. Por isso, a sabedoria \u00e9 superior \u00e0 mat\u00e9ria, e o esp\u00edrito superior \u00e0 mente.<br \/>At\u00e9 certo ponto a mente consegue dominar o corpo carnal, mas nunca conseguir\u00e1 faz\u00ea-lo por completo. Para dominar por inteiro o corpo, \u00e9 preciso convocar o esp\u00edrito que se aloja no fundo, mais fundo ainda do que o inconsciente. O melhor meio para isso \u00e9 praticar, diariamente, a Medita\u00e7\u00e3o Shinsokan com uma disposi\u00e7\u00e3o firme e tranquila.<\/p>\n","protected":false},"excerpt":{"rendered":"<p>A sabedoria \u00e9 universalAs leis da f\u00edsica e da qu\u00edmica que se processam em algum astro long\u00ednquo da ab\u00f3bada celestial s\u00e3o as mesmas que dominam o nosso planeta e que dirigem as fun\u00e7\u00f5es internas do corpo humano. O Universo todo \u00e9 dirigido, pois, por uma mesma sabedoria. Isso significa que nosso pensamento e nosso desejo [&hellip;]<\/p>\n","protected":false},"author":96,"featured_media":0,"comment_status":"closed","ping_status":"closed","sticky":false,"template":"","format":"standard","meta":{"footnotes":""},"categories":[263],"tags":[],"class_list":["post-75682","post","type-post","status-publish","format-standard","hentry","category-jane-aragao"],"_links":{"self":[{"href":"https:\/\/diarioregionaldigital.com.br\/index.php?rest_route=\/wp\/v2\/posts\/75682","targetHints":{"allow":["GET"]}}],"collection":[{"href":"https:\/\/diarioregionaldigital.com.br\/index.php?rest_route=\/wp\/v2\/posts"}],"about":[{"href":"https:\/\/diarioregionaldigital.com.br\/index.php?rest_route=\/wp\/v2\/types\/post"}],"author":[{"embeddable":true,"href":"https:\/\/diarioregionaldigital.com.br\/index.php?rest_route=\/wp\/v2\/users\/96"}],"replies":[{"embeddable":true,"href":"https:\/\/diarioregionaldigital.com.br\/index.php?rest_route=%2Fwp%2Fv2%2Fcomments&post=75682"}],"version-history":[{"count":0,"href":"https:\/\/diarioregionaldigital.com.br\/index.php?rest_route=\/wp\/v2\/posts\/75682\/revisions"}],"wp:attachment":[{"href":"https:\/\/diarioregionaldigital.com.br\/index.php?rest_route=%2Fwp%2Fv2%2Fmedia&parent=75682"}],"wp:term":[{"taxonomy":"category","embeddable":true,"href":"https:\/\/diarioregionaldigital.com.br\/index.php?rest_route=%2Fwp%2Fv2%2Fcategories&post=75682"},{"taxonomy":"post_tag","embeddable":true,"href":"https:\/\/diarioregionaldigital.com.br\/index.php?rest_route=%2Fwp%2Fv2%2Ftags&post=75682"}],"curies":[{"name":"wp","href":"https:\/\/api.w.org\/{rel}","templated":true}]}}