{"id":75675,"date":"2017-06-19T22:59:49","date_gmt":"2017-06-20T01:59:49","guid":{"rendered":"http:\/\/diarioregionaljf.com.br\/2017\/06\/19\/arthur-maia-diz-que-ha-margem-para-aprovacao-de-reformas-apesar-de-crise\/"},"modified":"2017-06-19T22:59:49","modified_gmt":"2017-06-20T01:59:49","slug":"arthur-maia-diz-que-ha-margem-para-aprovacao-de-reformas-apesar-de-crise","status":"publish","type":"post","link":"https:\/\/diarioregionaldigital.com.br\/?p=75675","title":{"rendered":"Arthur Maia diz que h\u00e1 margem para aprova\u00e7\u00e3o de reformas apesar de crise"},"content":{"rendered":"<p>O relator da reforma da Previd\u00eancia na C\u00e2mara, deputado Arthur Maia (PPS-BA), disse nessa segunda-feira, 19, que apesar da crise pol\u00edtica, h\u00e1 margem para a aprova\u00e7\u00e3o das reformas previdenci\u00e1ria e trabalhista pelos parlamentares.<\/p>\n<p>\u201cO ambiente mudou. Mas eu n\u00e3o sinto ainda, em rela\u00e7\u00e3o ao tamanho da base de apoio, uma mudan\u00e7a\u201d, disse Maia sobre as reformas.<br \/>Para o relator, o papel do Congresso deve aumentar diante das den\u00fancias de corrup\u00e7\u00e3o envolvendo o governo federal. \u201cO protagonismo do Legislativo vai ter que ser muito maior para compensar o enfraquecimento do Executivo neste momento\u201d, ressaltou, ao discursar em evento na Associa\u00e7\u00e3o Comercial de S\u00e3o Paulo. O deputado citou a possibilidade de o procurador-geral da Rep\u00fablica, Rodrigo Janot, apresentar uma den\u00fancia contra o presidente Michel Temer.<\/p>\n<p>\u201cN\u00e3o estar\u00e1 falando a verdade quem disser que n\u00f3s estamos em um momento pol\u00edtico no Brasil de normalidade. N\u00e3o estamos. O procurador-geral dever\u00e1 entrar nos pr\u00f3ximos dias com a solicita\u00e7\u00e3o para processar o presidente da Rep\u00fablica\u201d, acrescentou. Caso a den\u00fancia seja apresentada, precisar\u00e1 ser aprovada pela C\u00e2mara dos Deputados.<\/p>\n<p>No m\u00eas passado, o Supremo Tribunal Federal (STF) divulgou \u00e1udio do encontro do empres\u00e1rio Joesley Batista com Temer, ocorrido em mar\u00e7o, no Pal\u00e1cio do Jaburu. O material faz parte do acordo de dela\u00e7\u00e3o premiada firmado pelo empres\u00e1rio e a Procuradoria-Geral da Rep\u00fablica (PGR) e homologado pela Corte. Na dela\u00e7\u00e3o, o empres\u00e1rio descreve esquemas de corrup\u00e7\u00e3o envolvendo pol\u00edticos e integrantes do governo federal. Com base na dela\u00e7\u00e3o, o ministro do STF, Edson Fachin, autorizou a abertura de inqu\u00e9rito para investigar den\u00fancias que envolvem o presidente Temer. O presidente nega as acusa\u00e7\u00f5es feitas pelo empres\u00e1rio e entrou com a\u00e7\u00e3o contra Joesley por cal\u00fania e difama\u00e7\u00e3o.<\/p>\n<p>Para Arthur Maia, as acusa\u00e7\u00f5es envolvendo o presidente, ministros e ex-ministros revelaram um conflito institucional. \u201cNota-se hoje claramente um confronto entre o Executivo e o Minist\u00e9rio P\u00fablico. \u00c9 uma situa\u00e7\u00e3o extremamente dif\u00edcil que n\u00f3s estamos passando hoje no Brasil\u201d, finalizou.<\/p>\n<p>Fonte: Ag\u00eancia Brasil<\/p>\n","protected":false},"excerpt":{"rendered":"<p>O relator da reforma da Previd\u00eancia na C\u00e2mara, deputado Arthur Maia (PPS-BA), disse nessa segunda-feira, 19, que apesar da crise pol\u00edtica, h\u00e1 margem para a aprova\u00e7\u00e3o das reformas previdenci\u00e1ria e trabalhista pelos parlamentares. \u201cO ambiente mudou. Mas eu n\u00e3o sinto ainda, em rela\u00e7\u00e3o ao tamanho da base de apoio, uma mudan\u00e7a\u201d, disse Maia sobre as [&hellip;]<\/p>\n","protected":false},"author":96,"featured_media":75674,"comment_status":"closed","ping_status":"closed","sticky":false,"template":"","format":"standard","meta":{"footnotes":""},"categories":[254],"tags":[],"class_list":["post-75675","post","type-post","status-publish","format-standard","has-post-thumbnail","hentry","category-politica"],"_links":{"self":[{"href":"https:\/\/diarioregionaldigital.com.br\/index.php?rest_route=\/wp\/v2\/posts\/75675","targetHints":{"allow":["GET"]}}],"collection":[{"href":"https:\/\/diarioregionaldigital.com.br\/index.php?rest_route=\/wp\/v2\/posts"}],"about":[{"href":"https:\/\/diarioregionaldigital.com.br\/index.php?rest_route=\/wp\/v2\/types\/post"}],"author":[{"embeddable":true,"href":"https:\/\/diarioregionaldigital.com.br\/index.php?rest_route=\/wp\/v2\/users\/96"}],"replies":[{"embeddable":true,"href":"https:\/\/diarioregionaldigital.com.br\/index.php?rest_route=%2Fwp%2Fv2%2Fcomments&post=75675"}],"version-history":[{"count":0,"href":"https:\/\/diarioregionaldigital.com.br\/index.php?rest_route=\/wp\/v2\/posts\/75675\/revisions"}],"wp:featuredmedia":[{"embeddable":true,"href":"https:\/\/diarioregionaldigital.com.br\/index.php?rest_route=\/wp\/v2\/media\/75674"}],"wp:attachment":[{"href":"https:\/\/diarioregionaldigital.com.br\/index.php?rest_route=%2Fwp%2Fv2%2Fmedia&parent=75675"}],"wp:term":[{"taxonomy":"category","embeddable":true,"href":"https:\/\/diarioregionaldigital.com.br\/index.php?rest_route=%2Fwp%2Fv2%2Fcategories&post=75675"},{"taxonomy":"post_tag","embeddable":true,"href":"https:\/\/diarioregionaldigital.com.br\/index.php?rest_route=%2Fwp%2Fv2%2Ftags&post=75675"}],"curies":[{"name":"wp","href":"https:\/\/api.w.org\/{rel}","templated":true}]}}